{"id":5206,"date":"2023-08-29T17:52:27","date_gmt":"2023-08-29T20:52:27","guid":{"rendered":"https:\/\/isfdyt25-bue.infd.edu.ar\/sitio\/?p=5206"},"modified":"2026-03-12T08:58:24","modified_gmt":"2026-03-12T11:58:24","slug":"nuevas-integrantes-del-equipo-de-conduccion","status":"publish","type":"post","link":"https:\/\/isfdyt25-bue.infd.edu.ar\/sitio\/nuevas-integrantes-del-equipo-de-conduccion\/","title":{"rendered":"Nuevas integrantes del Equipo de Conducci\u00f3n"},"content":{"rendered":"\n<p>\u00a1Buenas tardes! Con mucha alegr\u00eda queremos comentarles que el Equipo de Conducci\u00f3n del Instituto ha sumado dos nuevas Jefas de \u00c1rea. Un medio cargo que ten\u00edamos y otro medio cargo que, mediante gestiones, conseguimos a finales del Ciclo Lectivo 2022.<br>Saludamos a <strong><a href=\"https:\/\/www.facebook.con\/alejandra.montelpare\">Alejandra Montelpare<\/a><\/strong>, quien desde esta semana tendr\u00e1 la responsabilidad de acompa\u00f1ar las carreras de Tecnicatura Superior enTrabajo Social y el Profesorado de Educaci\u00f3n Inicial en sede San Lorenzo y a <strong><a href=\"https:\/\/www.facebook.com\/alita.llano\">Alejandrina Llano<\/a><\/strong> quien estar\u00e1 acompa\u00f1ando las carreras de Profesorado de Educaci\u00f3n Primaria Vespertino y Profesorado de Educaci\u00f3n Especial en sede Botazzi.<br>Pr\u00f3ximamente les contaremos la tarea espec\u00edfica que van a realizar con la idea de <strong>mejorar la articulaci\u00f3n y la din\u00e1mica<\/strong> de esas carreras.<br>Estamos muy contentos, comienza una nueva etapa en el Instituto.<br>\u00a1Muchos \u00e9xitos a las flamantes&nbsp;Jefas&nbsp;de&nbsp;\u00c1rea!<\/p>\n","protected":false},"excerpt":{"rendered":"<p>\u00a1Buenas tardes! Con mucha alegr\u00eda queremos comentarles que el Equipo de Conducci\u00f3n del Instituto ha sumado dos nuevas Jefas de \u00c1rea. Un medio cargo que ten\u00edamos y otro medio cargo que, mediante gestiones, conseguimos a finales del Ciclo Lectivo 2022.Saludamos a Alejandra Montelpare, quien desde esta semana tendr\u00e1 la responsabilidad de acompa\u00f1ar las carreras de &#8230; <a title=\"Nuevas integrantes del Equipo de Conducci\u00f3n\" class=\"read-more\" href=\"https:\/\/isfdyt25-bue.infd.edu.ar\/sitio\/nuevas-integrantes-del-equipo-de-conduccion\/\" aria-label=\"More on Nuevas integrantes del Equipo de Conducci\u00f3n\">[+]<\/a><\/p>\n","protected":false},"author":2055,"featured_media":5207,"comment_status":"open","ping_status":"open","sticky":false,"template":"","format":"standard","meta":[],"categories":[48,25,24],"tags":[],"acf":[],"_links":{"self":[{"href":"https:\/\/isfdyt25-bue.infd.edu.ar\/sitio\/wp-json\/wp\/v2\/posts\/5206"}],"collection":[{"href":"https:\/\/isfdyt25-bue.infd.edu.ar\/sitio\/wp-json\/wp\/v2\/posts"}],"about":[{"href":"https:\/\/isfdyt25-bue.infd.edu.ar\/sitio\/wp-json\/wp\/v2\/types\/post"}],"author":[{"embeddable":true,"href":"https:\/\/isfdyt25-bue.infd.edu.ar\/sitio\/wp-json\/wp\/v2\/users\/2055"}],"replies":[{"embeddable":true,"href":"https:\/\/isfdyt25-bue.infd.edu.ar\/sitio\/wp-json\/wp\/v2\/comments?post=5206"}],"version-history":[{"count":2,"href":"https:\/\/isfdyt25-bue.infd.edu.ar\/sitio\/wp-json\/wp\/v2\/posts\/5206\/revisions"}],"predecessor-version":[{"id":6191,"href":"https:\/\/isfdyt25-bue.infd.edu.ar\/sitio\/wp-json\/wp\/v2\/posts\/5206\/revisions\/6191"}],"wp:featuredmedia":[{"embeddable":true,"href":"https:\/\/isfdyt25-bue.infd.edu.ar\/sitio\/wp-json\/wp\/v2\/media\/5207"}],"wp:attachment":[{"href":"https:\/\/isfdyt25-bue.infd.edu.ar\/sitio\/wp-json\/wp\/v2\/media?parent=5206"}],"wp:term":[{"taxonomy":"category","embeddable":true,"href":"https:\/\/isfdyt25-bue.infd.edu.ar\/sitio\/wp-json\/wp\/v2\/categories?post=5206"},{"taxonomy":"post_tag","embeddable":true,"href":"https:\/\/isfdyt25-bue.infd.edu.ar\/sitio\/wp-json\/wp\/v2\/tags?post=5206"}],"curies":[{"name":"wp","href":"https:\/\/api.w.org\/{rel}","templated":true}]}}