{"id":5016,"date":"2023-07-11T15:45:25","date_gmt":"2023-07-11T18:45:25","guid":{"rendered":"https:\/\/isfdyt25-bue.infd.edu.ar\/sitio\/?p=5016"},"modified":"2023-07-11T16:22:05","modified_gmt":"2023-07-11T19:22:05","slug":"practicas-educativas-en-ambitos-rurales","status":"publish","type":"post","link":"https:\/\/isfdyt25-bue.infd.edu.ar\/sitio\/practicas-educativas-en-ambitos-rurales\/","title":{"rendered":"Pr\u00e1cticas Educativas en \u00e1mbitos rurales"},"content":{"rendered":"\n<p>El jueves 6 de julio, las estudiantes de 4to A\u00f1o del Profesorado de Educaci\u00f3n Inicial viajaron a la localidad de Pradere para realizar su pre-residencia en \u00e1mbitos rurales. Visitaron dos <strong>Jardines de Infantes Rurales y\/o de Islas de Matr\u00edcula M\u00ednima<\/strong>  del Distrito Patagones, el JIRIMM 4 y el JIRIMM8.En dichas instituciones, pasaron una jornada de doble turno en la que llevaron adelante proyectos de diversas \u00e1reas. <\/p>\n\n\n\n<figure class=\"wp-block-gallery has-nested-images columns-default is-cropped wp-block-gallery-1 is-layout-flex\">\n<figure class=\"wp-block-image size-large\"><img decoding=\"async\" loading=\"lazy\" width=\"1600\" height=\"720\" data-id=\"5021\"  src=\"https:\/\/isfdyt25-bue.infd.edu.ar\/sitio\/wp-content\/uploads\/2023\/07\/IS25-PI_Visita-a-JIRIMM-1.jpeg\" alt=\"\" class=\"wp-image-5021\" srcset=\"https:\/\/isfdyt25-bue.infd.edu.ar\/sitio\/wp-content\/uploads\/2023\/07\/IS25-PI_Visita-a-JIRIMM-1.jpeg 1600w, https:\/\/isfdyt25-bue.infd.edu.ar\/sitio\/wp-content\/uploads\/2023\/07\/IS25-PI_Visita-a-JIRIMM-1-1000x450.jpeg 1000w, https:\/\/isfdyt25-bue.infd.edu.ar\/sitio\/wp-content\/uploads\/2023\/07\/IS25-PI_Visita-a-JIRIMM-1-768x346.jpeg 768w, https:\/\/isfdyt25-bue.infd.edu.ar\/sitio\/wp-content\/uploads\/2023\/07\/IS25-PI_Visita-a-JIRIMM-1-1536x691.jpeg 1536w\" sizes=\"(max-width: 1600px) 100vw, 1600px\" \/><\/figure>\n\n\n\n<figure class=\"wp-block-image size-large\"><img decoding=\"async\" loading=\"lazy\" width=\"1600\" height=\"720\" data-id=\"5020\"  src=\"https:\/\/isfdyt25-bue.infd.edu.ar\/sitio\/wp-content\/uploads\/2023\/07\/IS25-PI_Visita-a-JIRIMM-2.jpeg\" alt=\"\" class=\"wp-image-5020\" srcset=\"https:\/\/isfdyt25-bue.infd.edu.ar\/sitio\/wp-content\/uploads\/2023\/07\/IS25-PI_Visita-a-JIRIMM-2.jpeg 1600w, https:\/\/isfdyt25-bue.infd.edu.ar\/sitio\/wp-content\/uploads\/2023\/07\/IS25-PI_Visita-a-JIRIMM-2-1000x450.jpeg 1000w, https:\/\/isfdyt25-bue.infd.edu.ar\/sitio\/wp-content\/uploads\/2023\/07\/IS25-PI_Visita-a-JIRIMM-2-768x346.jpeg 768w, https:\/\/isfdyt25-bue.infd.edu.ar\/sitio\/wp-content\/uploads\/2023\/07\/IS25-PI_Visita-a-JIRIMM-2-1536x691.jpeg 1536w\" sizes=\"(max-width: 1600px) 100vw, 1600px\" \/><\/figure>\n<\/figure>\n\n\n\n<p>Las Estudiantes prepararon sus propuestas \u00e1ulicas, seleccionaron recursos pedag\u00f3gicos y emprendieron esta experiencia inolvidable. Fueron recibidas con mucha calidez por ambas comunidades educativas y realizaron un gran trabajo en las salas multiedad. Las escuelas rurales ofrecen un \u00e1mbito propicio para desarrollar pr\u00e1cticas educativas que reconozcan y pongan en valor la diversidad de saberes que circulan.<\/p>\n\n\n\n<p>Agradecemos a las Directoras de ambos jardines <strong>Valeria Natucci<\/strong> y <strong>Estefan\u00eda Reisvig<\/strong> por su acompa\u00f1amiento como orientadoras, a las Profesoras Areales y de Pr\u00e1cticas que acompa\u00f1aron la experiencia de las Estudiantes.<\/p>\n\n\n\n<figure class=\"wp-block-gallery has-nested-images columns-default is-cropped wp-block-gallery-3 is-layout-flex\">\n<figure class=\"wp-block-image size-large\"><img decoding=\"async\" loading=\"lazy\" width=\"1600\" height=\"720\" data-id=\"5022\"  src=\"https:\/\/isfdyt25-bue.infd.edu.ar\/sitio\/wp-content\/uploads\/2023\/07\/IS25-PI_Visita-a-JIRIMM-3.jpeg\" alt=\"\" class=\"wp-image-5022\" srcset=\"https:\/\/isfdyt25-bue.infd.edu.ar\/sitio\/wp-content\/uploads\/2023\/07\/IS25-PI_Visita-a-JIRIMM-3.jpeg 1600w, https:\/\/isfdyt25-bue.infd.edu.ar\/sitio\/wp-content\/uploads\/2023\/07\/IS25-PI_Visita-a-JIRIMM-3-1000x450.jpeg 1000w, https:\/\/isfdyt25-bue.infd.edu.ar\/sitio\/wp-content\/uploads\/2023\/07\/IS25-PI_Visita-a-JIRIMM-3-768x346.jpeg 768w, https:\/\/isfdyt25-bue.infd.edu.ar\/sitio\/wp-content\/uploads\/2023\/07\/IS25-PI_Visita-a-JIRIMM-3-1536x691.jpeg 1536w\" sizes=\"(max-width: 1600px) 100vw, 1600px\" \/><\/figure>\n<\/figure>\n\n\n\n<p>El acceso a los jardines implica viajar m\u00e1s de 140 km por ruta y varios kil\u00f3metros m\u00e1s por camino rural, pero vale la pena el sacrificio ya que ambas instituciones forman parte del Sistema Educativo  de nuestro extenso Patagones.<\/p>\n\n\n\n<p>Agradecemos tambi\u00e9n el apoyo econ\u00f3mico del Municipio de Patagones para solventar los gastos de trasporte y deseamos que en cada Ciclo Lectivo podamos contar con recursos sostenidos para el acceso en grupos a las localidades. El proyecto es in\u00e9dito para nuestro distrito y promueve la formaci\u00f3n de mejores docentes para las infancias.<\/p>\n\n\n\n<figure class=\"wp-block-video\"><video controls src=\"https:\/\/isfdyt25-bue.infd.edu.ar\/sitio\/wp-content\/uploads\/2023\/07\/IS25-PI_Visita-a-JIRIMM-1.mp4\"><\/video><\/figure>\n","protected":false},"excerpt":{"rendered":"<p>El jueves 6 de julio, las estudiantes de 4to A\u00f1o del Profesorado de Educaci\u00f3n Inicial viajaron a la localidad de Pradere para realizar su pre-residencia en \u00e1mbitos rurales. Visitaron dos Jardines de Infantes Rurales y\/o de Islas de Matr\u00edcula M\u00ednima del Distrito Patagones, el JIRIMM 4 y el JIRIMM8.En dichas instituciones, pasaron una jornada de &#8230; <a title=\"Pr\u00e1cticas Educativas en \u00e1mbitos rurales\" class=\"read-more\" href=\"https:\/\/isfdyt25-bue.infd.edu.ar\/sitio\/practicas-educativas-en-ambitos-rurales\/\" aria-label=\"More on Pr\u00e1cticas Educativas en \u00e1mbitos rurales\">[+]<\/a><\/p>\n","protected":false},"author":2055,"featured_media":5018,"comment_status":"open","ping_status":"open","sticky":false,"template":"","format":"standard","meta":[],"categories":[48,25,24],"tags":[],"acf":[],"_links":{"self":[{"href":"https:\/\/isfdyt25-bue.infd.edu.ar\/sitio\/wp-json\/wp\/v2\/posts\/5016"}],"collection":[{"href":"https:\/\/isfdyt25-bue.infd.edu.ar\/sitio\/wp-json\/wp\/v2\/posts"}],"about":[{"href":"https:\/\/isfdyt25-bue.infd.edu.ar\/sitio\/wp-json\/wp\/v2\/types\/post"}],"author":[{"embeddable":true,"href":"https:\/\/isfdyt25-bue.infd.edu.ar\/sitio\/wp-json\/wp\/v2\/users\/2055"}],"replies":[{"embeddable":true,"href":"https:\/\/isfdyt25-bue.infd.edu.ar\/sitio\/wp-json\/wp\/v2\/comments?post=5016"}],"version-history":[{"count":2,"href":"https:\/\/isfdyt25-bue.infd.edu.ar\/sitio\/wp-json\/wp\/v2\/posts\/5016\/revisions"}],"predecessor-version":[{"id":5024,"href":"https:\/\/isfdyt25-bue.infd.edu.ar\/sitio\/wp-json\/wp\/v2\/posts\/5016\/revisions\/5024"}],"wp:featuredmedia":[{"embeddable":true,"href":"https:\/\/isfdyt25-bue.infd.edu.ar\/sitio\/wp-json\/wp\/v2\/media\/5018"}],"wp:attachment":[{"href":"https:\/\/isfdyt25-bue.infd.edu.ar\/sitio\/wp-json\/wp\/v2\/media?parent=5016"}],"wp:term":[{"taxonomy":"category","embeddable":true,"href":"https:\/\/isfdyt25-bue.infd.edu.ar\/sitio\/wp-json\/wp\/v2\/categories?post=5016"},{"taxonomy":"post_tag","embeddable":true,"href":"https:\/\/isfdyt25-bue.infd.edu.ar\/sitio\/wp-json\/wp\/v2\/tags?post=5016"}],"curies":[{"name":"wp","href":"https:\/\/api.w.org\/{rel}","templated":true}]}}