{"id":4909,"date":"2023-05-19T17:31:48","date_gmt":"2023-05-19T20:31:48","guid":{"rendered":"https:\/\/isfdyt25-bue.infd.edu.ar\/sitio\/?p=4909"},"modified":"2023-05-19T18:28:52","modified_gmt":"2023-05-19T21:28:52","slug":"jornadas-leer-en-comunidad","status":"publish","type":"post","link":"https:\/\/isfdyt25-bue.infd.edu.ar\/sitio\/jornadas-leer-en-comunidad\/","title":{"rendered":"Jornadas \u00abLeer en Comunidad\u00bb"},"content":{"rendered":"\n<p>El mi\u00e9rcoles 17 de mayo las\/os Estudiantes de Primer A\u00f1o del Profesorado de Educaci\u00f3n Primaria turno Diurno, concurrieron al <strong>CIIE Patagones<\/strong> (Centro de Capacitaci\u00f3n, Investigaci\u00f3n e Innovaci\u00f3n Educativa) para participar de la primera <strong>Jornada Leer en Comunidad: descubrir, habitar, proyectar las bibliotecas<\/strong>.<\/p>\n\n\n\n<figure class=\"wp-block-gallery has-nested-images columns-default is-cropped wp-block-gallery-1 is-layout-flex\">\n<figure class=\"wp-block-image size-large\"><img decoding=\"async\" loading=\"lazy\" width=\"1600\" height=\"1600\" data-id=\"4911\"  src=\"https:\/\/isfdyt25-bue.infd.edu.ar\/sitio\/wp-content\/uploads\/2023\/05\/Leer-en-Comunidad-2.jpeg\" alt=\"\" class=\"wp-image-4911\" srcset=\"https:\/\/isfdyt25-bue.infd.edu.ar\/sitio\/wp-content\/uploads\/2023\/05\/Leer-en-Comunidad-2.jpeg 1600w, https:\/\/isfdyt25-bue.infd.edu.ar\/sitio\/wp-content\/uploads\/2023\/05\/Leer-en-Comunidad-2-1000x1000.jpeg 1000w, https:\/\/isfdyt25-bue.infd.edu.ar\/sitio\/wp-content\/uploads\/2023\/05\/Leer-en-Comunidad-2-500x500.jpeg 500w, https:\/\/isfdyt25-bue.infd.edu.ar\/sitio\/wp-content\/uploads\/2023\/05\/Leer-en-Comunidad-2-768x768.jpeg 768w, https:\/\/isfdyt25-bue.infd.edu.ar\/sitio\/wp-content\/uploads\/2023\/05\/Leer-en-Comunidad-2-1536x1536.jpeg 1536w\" sizes=\"(max-width: 1600px) 100vw, 1600px\" \/><\/figure>\n\n\n\n<figure class=\"wp-block-image size-large\"><img decoding=\"async\" loading=\"lazy\" width=\"1600\" height=\"1600\" data-id=\"4912\"  src=\"https:\/\/isfdyt25-bue.infd.edu.ar\/sitio\/wp-content\/uploads\/2023\/05\/Leer-en-Comunidad-3.jpeg\" alt=\"\" class=\"wp-image-4912\" srcset=\"https:\/\/isfdyt25-bue.infd.edu.ar\/sitio\/wp-content\/uploads\/2023\/05\/Leer-en-Comunidad-3.jpeg 1600w, https:\/\/isfdyt25-bue.infd.edu.ar\/sitio\/wp-content\/uploads\/2023\/05\/Leer-en-Comunidad-3-1000x1000.jpeg 1000w, https:\/\/isfdyt25-bue.infd.edu.ar\/sitio\/wp-content\/uploads\/2023\/05\/Leer-en-Comunidad-3-500x500.jpeg 500w, https:\/\/isfdyt25-bue.infd.edu.ar\/sitio\/wp-content\/uploads\/2023\/05\/Leer-en-Comunidad-3-768x768.jpeg 768w, https:\/\/isfdyt25-bue.infd.edu.ar\/sitio\/wp-content\/uploads\/2023\/05\/Leer-en-Comunidad-3-1536x1536.jpeg 1536w\" sizes=\"(max-width: 1600px) 100vw, 1600px\" \/><\/figure>\n<\/figure>\n\n\n\n<p>En el marco de los cuarenta a\u00f1os de democracia ininterrumpida en nuestro pa\u00eds, la Direcci\u00f3n de Educaci\u00f3n Superior promueve la articulaci\u00f3n ente las instituciones de <strong>formaci\u00f3n docente inicial<\/strong> y las de <strong>formaci\u00f3n docente permanente<\/strong> generando proyectos que fomentan la integraci\u00f3n de las Bibliotecas de la Formaci\u00f3n Docente. Es por eso que, adhiere a  la propuesta del Plan Provincial de Lecturas y Escrituras e incentiva a participar de  las Jornadas <strong>Leer en Comunidad <\/strong>que este a\u00f1o tendr\u00e1n como eje transversal la Democracia como forma de vida en tanto posibilidad de construir v\u00ednculos comunitarios a trav\u00e9s de la participaci\u00f3n y el ejercicio de los derechos constitucionales.<\/p>\n\n\n\n<figure class=\"wp-block-gallery has-nested-images columns-default is-cropped wp-block-gallery-3 is-layout-flex\">\n<figure class=\"wp-block-image size-large\"><img decoding=\"async\" loading=\"lazy\" width=\"1600\" height=\"1600\" data-id=\"4913\"  src=\"https:\/\/isfdyt25-bue.infd.edu.ar\/sitio\/wp-content\/uploads\/2023\/05\/Leer-en-Comunidad-4.jpeg\" alt=\"\" class=\"wp-image-4913\" srcset=\"https:\/\/isfdyt25-bue.infd.edu.ar\/sitio\/wp-content\/uploads\/2023\/05\/Leer-en-Comunidad-4.jpeg 1600w, https:\/\/isfdyt25-bue.infd.edu.ar\/sitio\/wp-content\/uploads\/2023\/05\/Leer-en-Comunidad-4-1000x1000.jpeg 1000w, https:\/\/isfdyt25-bue.infd.edu.ar\/sitio\/wp-content\/uploads\/2023\/05\/Leer-en-Comunidad-4-500x500.jpeg 500w, https:\/\/isfdyt25-bue.infd.edu.ar\/sitio\/wp-content\/uploads\/2023\/05\/Leer-en-Comunidad-4-768x768.jpeg 768w, https:\/\/isfdyt25-bue.infd.edu.ar\/sitio\/wp-content\/uploads\/2023\/05\/Leer-en-Comunidad-4-1536x1536.jpeg 1536w\" sizes=\"(max-width: 1600px) 100vw, 1600px\" \/><\/figure>\n\n\n\n<figure class=\"wp-block-image size-large\"><img decoding=\"async\" loading=\"lazy\" width=\"1600\" height=\"1600\" data-id=\"4914\"  src=\"https:\/\/isfdyt25-bue.infd.edu.ar\/sitio\/wp-content\/uploads\/2023\/05\/Leer-en-Comunidad-5.jpeg\" alt=\"\" class=\"wp-image-4914\" srcset=\"https:\/\/isfdyt25-bue.infd.edu.ar\/sitio\/wp-content\/uploads\/2023\/05\/Leer-en-Comunidad-5.jpeg 1600w, https:\/\/isfdyt25-bue.infd.edu.ar\/sitio\/wp-content\/uploads\/2023\/05\/Leer-en-Comunidad-5-1000x1000.jpeg 1000w, https:\/\/isfdyt25-bue.infd.edu.ar\/sitio\/wp-content\/uploads\/2023\/05\/Leer-en-Comunidad-5-500x500.jpeg 500w, https:\/\/isfdyt25-bue.infd.edu.ar\/sitio\/wp-content\/uploads\/2023\/05\/Leer-en-Comunidad-5-768x768.jpeg 768w, https:\/\/isfdyt25-bue.infd.edu.ar\/sitio\/wp-content\/uploads\/2023\/05\/Leer-en-Comunidad-5-1536x1536.jpeg 1536w\" sizes=\"(max-width: 1600px) 100vw, 1600px\" \/><\/figure>\n<\/figure>\n\n\n\n<p>Las\/os Estudiantes de Primer A\u00f1o descubrieron en el <strong>CIIE Patagones<\/strong> una nueva alternativa de capacitaci\u00f3n para enriquecer sus trayectorias como estudiantes y como futuros docentes. Tambi\u00e9n deb\u00edan descubrir en el documental <strong>\u00abLos Libros Cautivos\u00bb<\/strong> de la directora de cine <strong>Gabriela Fern\u00e1ndez<\/strong> cu\u00e1les son los motivos por los que ciertos libros de literatura infantil fueron prohibidos y participar del cine &#8211; debate con el profesor An\u00edbal Ruggeri a cargo de la c\u00e1tedra An\u00e1lisis del Mundo Contempor\u00e1neo.<\/p>\n","protected":false},"excerpt":{"rendered":"<p>El mi\u00e9rcoles 17 de mayo las\/os Estudiantes de Primer A\u00f1o del Profesorado de Educaci\u00f3n Primaria turno Diurno, concurrieron al CIIE Patagones (Centro de Capacitaci\u00f3n, Investigaci\u00f3n e Innovaci\u00f3n Educativa) para participar de la primera Jornada Leer en Comunidad: descubrir, habitar, proyectar las bibliotecas. En el marco de los cuarenta a\u00f1os de democracia ininterrumpida en nuestro pa\u00eds, &#8230; <a title=\"Jornadas \u00abLeer en Comunidad\u00bb\" class=\"read-more\" href=\"https:\/\/isfdyt25-bue.infd.edu.ar\/sitio\/jornadas-leer-en-comunidad\/\" aria-label=\"More on Jornadas \u00abLeer en Comunidad\u00bb\">[+]<\/a><\/p>\n","protected":false},"author":2055,"featured_media":4910,"comment_status":"open","ping_status":"open","sticky":false,"template":"","format":"standard","meta":[],"categories":[48,25,24,1],"tags":[],"acf":[],"_links":{"self":[{"href":"https:\/\/isfdyt25-bue.infd.edu.ar\/sitio\/wp-json\/wp\/v2\/posts\/4909"}],"collection":[{"href":"https:\/\/isfdyt25-bue.infd.edu.ar\/sitio\/wp-json\/wp\/v2\/posts"}],"about":[{"href":"https:\/\/isfdyt25-bue.infd.edu.ar\/sitio\/wp-json\/wp\/v2\/types\/post"}],"author":[{"embeddable":true,"href":"https:\/\/isfdyt25-bue.infd.edu.ar\/sitio\/wp-json\/wp\/v2\/users\/2055"}],"replies":[{"embeddable":true,"href":"https:\/\/isfdyt25-bue.infd.edu.ar\/sitio\/wp-json\/wp\/v2\/comments?post=4909"}],"version-history":[{"count":2,"href":"https:\/\/isfdyt25-bue.infd.edu.ar\/sitio\/wp-json\/wp\/v2\/posts\/4909\/revisions"}],"predecessor-version":[{"id":4917,"href":"https:\/\/isfdyt25-bue.infd.edu.ar\/sitio\/wp-json\/wp\/v2\/posts\/4909\/revisions\/4917"}],"wp:featuredmedia":[{"embeddable":true,"href":"https:\/\/isfdyt25-bue.infd.edu.ar\/sitio\/wp-json\/wp\/v2\/media\/4910"}],"wp:attachment":[{"href":"https:\/\/isfdyt25-bue.infd.edu.ar\/sitio\/wp-json\/wp\/v2\/media?parent=4909"}],"wp:term":[{"taxonomy":"category","embeddable":true,"href":"https:\/\/isfdyt25-bue.infd.edu.ar\/sitio\/wp-json\/wp\/v2\/categories?post=4909"},{"taxonomy":"post_tag","embeddable":true,"href":"https:\/\/isfdyt25-bue.infd.edu.ar\/sitio\/wp-json\/wp\/v2\/tags?post=4909"}],"curies":[{"name":"wp","href":"https:\/\/api.w.org\/{rel}","templated":true}]}}