{"id":4903,"date":"2023-05-11T18:39:03","date_gmt":"2023-05-11T21:39:03","guid":{"rendered":"https:\/\/isfdyt25-bue.infd.edu.ar\/sitio\/?p=4903"},"modified":"2023-05-11T19:07:19","modified_gmt":"2023-05-11T22:07:19","slug":"4903-2","status":"publish","type":"post","link":"https:\/\/isfdyt25-bue.infd.edu.ar\/sitio\/4903-2\/","title":{"rendered":"Proyecto \u00abDi\u00e1logos con Graduadas\u00bb"},"content":{"rendered":"\n<p>El d\u00eda viernes 5 de mayo se reunieron las Autoridades del Instituto con Estudiantes Avanzadas  y Estudiantes Graduadas de todas las carreras con la finalidad de evaluar el Proyecto que se llev\u00f3 adelante en el <strong>Taller Inicial para las\/os Estudiantes Ingresantes 2023<\/strong>. Ese proyecto denominado <strong>\u00abDi\u00e1logos con graduadas\u00bb<\/strong> permiti\u00f3 acompa\u00f1ar a los\/as Ingresantes desde la mirada, la experiencia y las voces de estudiantes que est\u00e1n concluyendo su estad\u00eda en esta casa de estudios. <\/p>\n\n\n\n<p>La experiencia ha sido un \u00e9xito! Las participantes tomaron la iniciativa con gran responsabilidad y profesionalismo. Su paso por las aulas fue muy significativo para todos\/as!! En el espacio de reflexi\u00f3n final hemos logrado definir l\u00edneas de acci\u00f3n que permitir\u00e1n un trabajo sostenido tendiente a promover la pertenencia y la participaci\u00f3n, no solamente de los estudiantes que transitan nuestras aulas, sino tambi\u00e9n de los egresados (profesionales noveles) cuyo retorno tiende puentes entre nuestra instituci\u00f3n y la comunidad.<\/p>\n\n\n\n<p><a href=\"https:\/\/www.instagram.com\/nazammendez\/?hl=es-la\">@nazammendez<\/a> <a href=\"https:\/\/twitter.com\/sildafe\">@sildfeci<\/a> <a href=\"https:\/\/m.facebook.com\/people\/CIPEs-ISFDyT-N-25\/100072291762770\/\">@cipe<\/a><\/p>\n","protected":false},"excerpt":{"rendered":"<p>El d\u00eda viernes 5 de mayo se reunieron las Autoridades del Instituto con Estudiantes Avanzadas y Estudiantes Graduadas de todas las carreras con la finalidad de evaluar el Proyecto que se llev\u00f3 adelante en el Taller Inicial para las\/os Estudiantes Ingresantes 2023. Ese proyecto denominado \u00abDi\u00e1logos con graduadas\u00bb permiti\u00f3 acompa\u00f1ar a los\/as Ingresantes desde la &#8230; <a title=\"Proyecto \u00abDi\u00e1logos con Graduadas\u00bb\" class=\"read-more\" href=\"https:\/\/isfdyt25-bue.infd.edu.ar\/sitio\/4903-2\/\" aria-label=\"More on Proyecto \u00abDi\u00e1logos con Graduadas\u00bb\">[+]<\/a><\/p>\n","protected":false},"author":2055,"featured_media":4893,"comment_status":"open","ping_status":"open","sticky":false,"template":"","format":"standard","meta":[],"categories":[48,25,24],"tags":[],"acf":[],"_links":{"self":[{"href":"https:\/\/isfdyt25-bue.infd.edu.ar\/sitio\/wp-json\/wp\/v2\/posts\/4903"}],"collection":[{"href":"https:\/\/isfdyt25-bue.infd.edu.ar\/sitio\/wp-json\/wp\/v2\/posts"}],"about":[{"href":"https:\/\/isfdyt25-bue.infd.edu.ar\/sitio\/wp-json\/wp\/v2\/types\/post"}],"author":[{"embeddable":true,"href":"https:\/\/isfdyt25-bue.infd.edu.ar\/sitio\/wp-json\/wp\/v2\/users\/2055"}],"replies":[{"embeddable":true,"href":"https:\/\/isfdyt25-bue.infd.edu.ar\/sitio\/wp-json\/wp\/v2\/comments?post=4903"}],"version-history":[{"count":3,"href":"https:\/\/isfdyt25-bue.infd.edu.ar\/sitio\/wp-json\/wp\/v2\/posts\/4903\/revisions"}],"predecessor-version":[{"id":4908,"href":"https:\/\/isfdyt25-bue.infd.edu.ar\/sitio\/wp-json\/wp\/v2\/posts\/4903\/revisions\/4908"}],"wp:featuredmedia":[{"embeddable":true,"href":"https:\/\/isfdyt25-bue.infd.edu.ar\/sitio\/wp-json\/wp\/v2\/media\/4893"}],"wp:attachment":[{"href":"https:\/\/isfdyt25-bue.infd.edu.ar\/sitio\/wp-json\/wp\/v2\/media?parent=4903"}],"wp:term":[{"taxonomy":"category","embeddable":true,"href":"https:\/\/isfdyt25-bue.infd.edu.ar\/sitio\/wp-json\/wp\/v2\/categories?post=4903"},{"taxonomy":"post_tag","embeddable":true,"href":"https:\/\/isfdyt25-bue.infd.edu.ar\/sitio\/wp-json\/wp\/v2\/tags?post=4903"}],"curies":[{"name":"wp","href":"https:\/\/api.w.org\/{rel}","templated":true}]}}