{"id":4497,"date":"2022-11-28T11:45:03","date_gmt":"2022-11-28T14:45:03","guid":{"rendered":"https:\/\/isfdyt25-bue.infd.edu.ar\/sitio\/?p=4497"},"modified":"2023-06-02T16:26:56","modified_gmt":"2023-06-02T19:26:56","slug":"visita-de-marisa-gori-y-viviana-taylor","status":"publish","type":"post","link":"https:\/\/isfdyt25-bue.infd.edu.ar\/sitio\/visita-de-marisa-gori-y-viviana-taylor\/","title":{"rendered":"Visita de Marisa Gori y Viviana Taylor"},"content":{"rendered":"\n<p>El viernes 25 de noviembre de 2022 ser\u00e1 recordado como un d\u00eda hist\u00f3rico para nuestro Instituto. Fue un placer, para este equipo de directivos y docentes, recibir a nuestras <strong>Directoras Provinciales<\/strong> quienes generosamente han compartido el d\u00eda con nosotras\/os y en cercan\u00eda con nuestras\/os docentes y estudiantes. <\/p>\n\n\n\n<figure class=\"wp-block-gallery has-nested-images columns-default is-cropped wp-block-gallery-1 is-layout-flex\">\n<figure class=\"wp-block-image size-large\"><img decoding=\"async\" loading=\"lazy\" width=\"1280\" height=\"916\" data-id=\"4502\"  src=\"https:\/\/isfdyt25-bue.infd.edu.ar\/sitio\/wp-content\/uploads\/2022\/11\/Gori-1.jpg\" alt=\"\" class=\"wp-image-4502\" srcset=\"https:\/\/isfdyt25-bue.infd.edu.ar\/sitio\/wp-content\/uploads\/2022\/11\/Gori-1.jpg 1280w, https:\/\/isfdyt25-bue.infd.edu.ar\/sitio\/wp-content\/uploads\/2022\/11\/Gori-1-1000x716.jpg 1000w, https:\/\/isfdyt25-bue.infd.edu.ar\/sitio\/wp-content\/uploads\/2022\/11\/Gori-1-768x550.jpg 768w\" sizes=\"(max-width: 1280px) 100vw, 1280px\" \/><\/figure>\n\n\n\n<figure class=\"wp-block-image size-large\"><img decoding=\"async\" loading=\"lazy\" width=\"1900\" height=\"1425\" data-id=\"4500\"  src=\"https:\/\/isfdyt25-bue.infd.edu.ar\/sitio\/wp-content\/uploads\/2022\/11\/Gori-3-1900x1425.jpg\" alt=\"\" class=\"wp-image-4500\" srcset=\"https:\/\/isfdyt25-bue.infd.edu.ar\/sitio\/wp-content\/uploads\/2022\/11\/Gori-3-1900x1425.jpg 1900w, https:\/\/isfdyt25-bue.infd.edu.ar\/sitio\/wp-content\/uploads\/2022\/11\/Gori-3-1000x750.jpg 1000w, https:\/\/isfdyt25-bue.infd.edu.ar\/sitio\/wp-content\/uploads\/2022\/11\/Gori-3-768x576.jpg 768w, https:\/\/isfdyt25-bue.infd.edu.ar\/sitio\/wp-content\/uploads\/2022\/11\/Gori-3-1536x1152.jpg 1536w, https:\/\/isfdyt25-bue.infd.edu.ar\/sitio\/wp-content\/uploads\/2022\/11\/Gori-3.jpg 2048w\" sizes=\"(max-width: 1900px) 100vw, 1900px\" \/><\/figure>\n<\/figure>\n\n\n\n<p>Ellas, no solamente nos brindaron apoyo pedag\u00f3gico para seguir pensando la formaci\u00f3n, sino tambi\u00e9n su tiempo y calidez humana. Como cierre, nuestro acto acad\u00e9mico con los graduados en pandemia. Un acto que resume los primeros tres a\u00f1os de nuestra gesti\u00f3n en donde nada fue f\u00e1cil, pero todo vali\u00f3 la pena. <\/p>\n\n\n\n<figure class=\"wp-block-gallery has-nested-images columns-default is-cropped wp-block-gallery-3 is-layout-flex\">\n<figure class=\"wp-block-image size-large\"><img decoding=\"async\" loading=\"lazy\" width=\"1900\" height=\"1425\" data-id=\"4501\"  src=\"https:\/\/isfdyt25-bue.infd.edu.ar\/sitio\/wp-content\/uploads\/2022\/11\/Gori-2-1900x1425.jpg\" alt=\"\" class=\"wp-image-4501\" srcset=\"https:\/\/isfdyt25-bue.infd.edu.ar\/sitio\/wp-content\/uploads\/2022\/11\/Gori-2-1900x1425.jpg 1900w, https:\/\/isfdyt25-bue.infd.edu.ar\/sitio\/wp-content\/uploads\/2022\/11\/Gori-2-1000x750.jpg 1000w, https:\/\/isfdyt25-bue.infd.edu.ar\/sitio\/wp-content\/uploads\/2022\/11\/Gori-2-768x576.jpg 768w, https:\/\/isfdyt25-bue.infd.edu.ar\/sitio\/wp-content\/uploads\/2022\/11\/Gori-2-1536x1152.jpg 1536w, https:\/\/isfdyt25-bue.infd.edu.ar\/sitio\/wp-content\/uploads\/2022\/11\/Gori-2.jpg 2048w\" sizes=\"(max-width: 1900px) 100vw, 1900px\" \/><\/figure>\n\n\n\n<figure class=\"wp-block-image size-large\"><img decoding=\"async\" loading=\"lazy\" width=\"1425\" height=\"1900\" data-id=\"4499\"  src=\"https:\/\/isfdyt25-bue.infd.edu.ar\/sitio\/wp-content\/uploads\/2022\/11\/Gori-4-1425x1900.jpg\" alt=\"\" class=\"wp-image-4499\" srcset=\"https:\/\/isfdyt25-bue.infd.edu.ar\/sitio\/wp-content\/uploads\/2022\/11\/Gori-4-1425x1900.jpg 1425w, https:\/\/isfdyt25-bue.infd.edu.ar\/sitio\/wp-content\/uploads\/2022\/11\/Gori-4-750x1000.jpg 750w, https:\/\/isfdyt25-bue.infd.edu.ar\/sitio\/wp-content\/uploads\/2022\/11\/Gori-4-768x1024.jpg 768w, https:\/\/isfdyt25-bue.infd.edu.ar\/sitio\/wp-content\/uploads\/2022\/11\/Gori-4-1152x1536.jpg 1152w, https:\/\/isfdyt25-bue.infd.edu.ar\/sitio\/wp-content\/uploads\/2022\/11\/Gori-4.jpg 1536w\" sizes=\"(max-width: 1425px) 100vw, 1425px\" \/><\/figure>\n<\/figure>\n\n\n\n<p>Gracias a todo el equipo de profesores\/as estudiantes, centro de estudiantes, auxiliares, preceptores\/as, bibliotecarias por acompa\u00f1ar, con cada peque\u00f1a acci\u00f3n, esta jornada con el compromiso que requer\u00eda.<\/p>\n\n\n\n<p><a href=\"https:\/\/www.facebook.com\/marisa.gori.3?__cft__[0]=AZWjiYkpMfy9BRHEyXWwC8DYvDQ6BRqH-WmRgbi5TQxOG8UMEXE7YLbUbTXnlwufPg7NQpGXaONjpeZMfdWPbxDg_CAx9sFyHS7VOhQV6O2JISDI1flyKjYyocmHmjmCXF9itxbWbjPISEGSGZXdqL4PD1gzn7GGCnUCxo_L8BArEi2EkmvMo9czcRwYR2TB8ZQ&amp;__tn__=-]K-R\"><strong>Marisa Gori<\/strong><\/a> &#8211; <a href=\"https:\/\/www.facebook.com\/vivianataylor\/\"><strong>Viviana Taylor<\/strong><\/a> &#8211; <a href=\"https:\/\/www.facebook.com\/andres.amoroso?__cft__[0]=AZWjiYkpMfy9BRHEyXWwC8DYvDQ6BRqH-WmRgbi5TQxOG8UMEXE7YLbUbTXnlwufPg7NQpGXaONjpeZMfdWPbxDg_CAx9sFyHS7VOhQV6O2JISDI1flyKjYyocmHmjmCXF9itxbWbjPISEGSGZXdqL4PD1gzn7GGCnUCxo_L8BArEi2EkmvMo9czcRwYR2TB8ZQ&amp;__tn__=-]K-R\"><strong>Andr\u00e9s Amoroso<\/strong><\/a> &#8211; <strong><a href=\"https:\/\/www.facebook.com\/nazarena.mendez.7\">Nazarena M\u00e9ndez<\/a><\/strong> &#8211; <a href=\"https:\/\/www.facebook.com\/silvina.feci?__cft__[0]=AZWjiYkpMfy9BRHEyXWwC8DYvDQ6BRqH-WmRgbi5TQxOG8UMEXE7YLbUbTXnlwufPg7NQpGXaONjpeZMfdWPbxDg_CAx9sFyHS7VOhQV6O2JISDI1flyKjYyocmHmjmCXF9itxbWbjPISEGSGZXdqL4PD1gzn7GGCnUCxo_L8BArEi2EkmvMo9czcRwYR2TB8ZQ&amp;__tn__=-]K-R\"><strong>Silvina Feci<\/strong><\/a> &#8211; <a href=\"https:\/\/www.facebook.com\/carolina.beilinson?__cft__[0]=AZWjiYkpMfy9BRHEyXWwC8DYvDQ6BRqH-WmRgbi5TQxOG8UMEXE7YLbUbTXnlwufPg7NQpGXaONjpeZMfdWPbxDg_CAx9sFyHS7VOhQV6O2JISDI1flyKjYyocmHmjmCXF9itxbWbjPISEGSGZXdqL4PD1gzn7GGCnUCxo_L8BArEi2EkmvMo9czcRwYR2TB8ZQ&amp;__tn__=-]K-R\"><strong>Carolina Beilinson<\/strong><\/a> &#8211; <a href=\"https:\/\/www.facebook.com\/profile.php?id=100072291762770&amp;__cft__[0]=AZWjiYkpMfy9BRHEyXWwC8DYvDQ6BRqH-WmRgbi5TQxOG8UMEXE7YLbUbTXnlwufPg7NQpGXaONjpeZMfdWPbxDg_CAx9sFyHS7VOhQV6O2JISDI1flyKjYyocmHmjmCXF9itxbWbjPISEGSGZXdqL4PD1gzn7GGCnUCxo_L8BArEi2EkmvMo9czcRwYR2TB8ZQ&amp;__tn__=-]K-R\"><strong>CIPEs ISFDyT N 25<\/strong><\/a><\/p>\n","protected":false},"excerpt":{"rendered":"<p>El viernes 25 de noviembre de 2022 ser\u00e1 recordado como un d\u00eda hist\u00f3rico para nuestro Instituto. Fue un placer, para este equipo de directivos y docentes, recibir a nuestras Directoras Provinciales quienes generosamente han compartido el d\u00eda con nosotras\/os y en cercan\u00eda con nuestras\/os docentes y estudiantes. Ellas, no solamente nos brindaron apoyo pedag\u00f3gico para &#8230; <a title=\"Visita de Marisa Gori y Viviana Taylor\" class=\"read-more\" href=\"https:\/\/isfdyt25-bue.infd.edu.ar\/sitio\/visita-de-marisa-gori-y-viviana-taylor\/\" aria-label=\"More on Visita de Marisa Gori y Viviana Taylor\">[+]<\/a><\/p>\n","protected":false},"author":2055,"featured_media":4498,"comment_status":"open","ping_status":"open","sticky":false,"template":"","format":"standard","meta":[],"categories":[48,25,24],"tags":[],"acf":[],"_links":{"self":[{"href":"https:\/\/isfdyt25-bue.infd.edu.ar\/sitio\/wp-json\/wp\/v2\/posts\/4497"}],"collection":[{"href":"https:\/\/isfdyt25-bue.infd.edu.ar\/sitio\/wp-json\/wp\/v2\/posts"}],"about":[{"href":"https:\/\/isfdyt25-bue.infd.edu.ar\/sitio\/wp-json\/wp\/v2\/types\/post"}],"author":[{"embeddable":true,"href":"https:\/\/isfdyt25-bue.infd.edu.ar\/sitio\/wp-json\/wp\/v2\/users\/2055"}],"replies":[{"embeddable":true,"href":"https:\/\/isfdyt25-bue.infd.edu.ar\/sitio\/wp-json\/wp\/v2\/comments?post=4497"}],"version-history":[{"count":6,"href":"https:\/\/isfdyt25-bue.infd.edu.ar\/sitio\/wp-json\/wp\/v2\/posts\/4497\/revisions"}],"predecessor-version":[{"id":4926,"href":"https:\/\/isfdyt25-bue.infd.edu.ar\/sitio\/wp-json\/wp\/v2\/posts\/4497\/revisions\/4926"}],"wp:featuredmedia":[{"embeddable":true,"href":"https:\/\/isfdyt25-bue.infd.edu.ar\/sitio\/wp-json\/wp\/v2\/media\/4498"}],"wp:attachment":[{"href":"https:\/\/isfdyt25-bue.infd.edu.ar\/sitio\/wp-json\/wp\/v2\/media?parent=4497"}],"wp:term":[{"taxonomy":"category","embeddable":true,"href":"https:\/\/isfdyt25-bue.infd.edu.ar\/sitio\/wp-json\/wp\/v2\/categories?post=4497"},{"taxonomy":"post_tag","embeddable":true,"href":"https:\/\/isfdyt25-bue.infd.edu.ar\/sitio\/wp-json\/wp\/v2\/tags?post=4497"}],"curies":[{"name":"wp","href":"https:\/\/api.w.org\/{rel}","templated":true}]}}