{"id":3952,"date":"2022-07-01T19:24:59","date_gmt":"2022-07-01T22:24:59","guid":{"rendered":"https:\/\/isfdyt25-bue.infd.edu.ar\/sitio\/?p=3952"},"modified":"2022-07-02T11:57:51","modified_gmt":"2022-07-02T14:57:51","slug":"nuevos-comienzos-en-la-cooperadora","status":"publish","type":"post","link":"https:\/\/isfdyt25-bue.infd.edu.ar\/sitio\/nuevos-comienzos-en-la-cooperadora\/","title":{"rendered":"Nuevos comienzos en la Cooperadora"},"content":{"rendered":"\n<p>En el d\u00eda de ayer se realiz\u00f3 la Asamblea Anual Ordinaria de la Cooperadora del Instituto con la finalidad de renovar las autoridades de Comisi\u00f3n Directiva para el per\u00edodo abril 2022 &#8211; mayo 2023. All\u00ed, participaron Docentes y Estudiantes de las distintas carreras, se socializ\u00f3 sobre el balance mostrando el estado de los Ingresos, los Egresos y las actividades que se realizaron.<\/p>\n\n\n\n<p>En la organizaci\u00f3n de la reuni\u00f3n hubo un trabajo coordinado y bien aceitado donde cada integrante del equipo ten\u00eda un rol asignado: las Auxiliares Elisa Marinao y Fabiana Heiland prepararon caf\u00e9 y masas elaboradas por sus propias manos, la Comisi\u00f3n Directiva organiz\u00f3 todas las planillas y documentaci\u00f3n.<\/p>\n\n\n\n<figure class=\"wp-block-gallery columns-3 is-cropped wp-block-gallery-1 is-layout-flex\"><ul class=\"blocks-gallery-grid\"><li class=\"blocks-gallery-item\"><figure><img decoding=\"async\" loading=\"lazy\" width=\"1284\" height=\"1600\" src=\"https:\/\/isfdyt25-bue.infd.edu.ar\/sitio\/wp-content\/uploads\/2022\/07\/WhatsApp-Image-2022-07-01-at-7.29.36-PM.jpeg\" alt=\"\" data-id=\"3956\" data-full-url=\"https:\/\/isfdyt25-bue.infd.edu.ar\/sitio\/wp-content\/uploads\/2022\/07\/WhatsApp-Image-2022-07-01-at-7.29.36-PM.jpeg\" data-link=\"https:\/\/isfdyt25-bue.infd.edu.ar\/sitio\/nuevos-comienzos-en-la-cooperadora\/whatsapp-image-2022-07-01-at-7-29-36-pm\/#main\" class=\"wp-image-3956\" srcset=\"https:\/\/isfdyt25-bue.infd.edu.ar\/sitio\/wp-content\/uploads\/2022\/07\/WhatsApp-Image-2022-07-01-at-7.29.36-PM.jpeg 1284w, https:\/\/isfdyt25-bue.infd.edu.ar\/sitio\/wp-content\/uploads\/2022\/07\/WhatsApp-Image-2022-07-01-at-7.29.36-PM-803x1000.jpeg 803w, https:\/\/isfdyt25-bue.infd.edu.ar\/sitio\/wp-content\/uploads\/2022\/07\/WhatsApp-Image-2022-07-01-at-7.29.36-PM-768x957.jpeg 768w, https:\/\/isfdyt25-bue.infd.edu.ar\/sitio\/wp-content\/uploads\/2022\/07\/WhatsApp-Image-2022-07-01-at-7.29.36-PM-1233x1536.jpeg 1233w\" sizes=\"(max-width: 1284px) 100vw, 1284px\" \/><\/figure><\/li><li class=\"blocks-gallery-item\"><figure><img decoding=\"async\" loading=\"lazy\" width=\"1284\" height=\"1600\" src=\"https:\/\/isfdyt25-bue.infd.edu.ar\/sitio\/wp-content\/uploads\/2022\/07\/WhatsApp-Image-2022-07-01-at-7.29.37-PM.jpeg\" alt=\"\" data-id=\"3957\" data-full-url=\"https:\/\/isfdyt25-bue.infd.edu.ar\/sitio\/wp-content\/uploads\/2022\/07\/WhatsApp-Image-2022-07-01-at-7.29.37-PM.jpeg\" data-link=\"https:\/\/isfdyt25-bue.infd.edu.ar\/sitio\/nuevos-comienzos-en-la-cooperadora\/whatsapp-image-2022-07-01-at-7-29-37-pm\/#main\" class=\"wp-image-3957\" srcset=\"https:\/\/isfdyt25-bue.infd.edu.ar\/sitio\/wp-content\/uploads\/2022\/07\/WhatsApp-Image-2022-07-01-at-7.29.37-PM.jpeg 1284w, https:\/\/isfdyt25-bue.infd.edu.ar\/sitio\/wp-content\/uploads\/2022\/07\/WhatsApp-Image-2022-07-01-at-7.29.37-PM-803x1000.jpeg 803w, https:\/\/isfdyt25-bue.infd.edu.ar\/sitio\/wp-content\/uploads\/2022\/07\/WhatsApp-Image-2022-07-01-at-7.29.37-PM-768x957.jpeg 768w, https:\/\/isfdyt25-bue.infd.edu.ar\/sitio\/wp-content\/uploads\/2022\/07\/WhatsApp-Image-2022-07-01-at-7.29.37-PM-1233x1536.jpeg 1233w\" sizes=\"(max-width: 1284px) 100vw, 1284px\" \/><\/figure><\/li><li class=\"blocks-gallery-item\"><figure><img decoding=\"async\" loading=\"lazy\" width=\"1280\" height=\"1600\" src=\"https:\/\/isfdyt25-bue.infd.edu.ar\/sitio\/wp-content\/uploads\/2022\/07\/WhatsApp-Image-2022-07-01-at-7.29.38-PM.jpeg\" alt=\"\" data-id=\"3958\" data-full-url=\"https:\/\/isfdyt25-bue.infd.edu.ar\/sitio\/wp-content\/uploads\/2022\/07\/WhatsApp-Image-2022-07-01-at-7.29.38-PM.jpeg\" data-link=\"https:\/\/isfdyt25-bue.infd.edu.ar\/sitio\/nuevos-comienzos-en-la-cooperadora\/whatsapp-image-2022-07-01-at-7-29-38-pm\/#main\" class=\"wp-image-3958\" srcset=\"https:\/\/isfdyt25-bue.infd.edu.ar\/sitio\/wp-content\/uploads\/2022\/07\/WhatsApp-Image-2022-07-01-at-7.29.38-PM.jpeg 1280w, https:\/\/isfdyt25-bue.infd.edu.ar\/sitio\/wp-content\/uploads\/2022\/07\/WhatsApp-Image-2022-07-01-at-7.29.38-PM-800x1000.jpeg 800w, https:\/\/isfdyt25-bue.infd.edu.ar\/sitio\/wp-content\/uploads\/2022\/07\/WhatsApp-Image-2022-07-01-at-7.29.38-PM-768x960.jpeg 768w, https:\/\/isfdyt25-bue.infd.edu.ar\/sitio\/wp-content\/uploads\/2022\/07\/WhatsApp-Image-2022-07-01-at-7.29.38-PM-1229x1536.jpeg 1229w\" sizes=\"(max-width: 1280px) 100vw, 1280px\" \/><\/figure><\/li><\/ul><\/figure>\n\n\n\n<p><strong><a href=\"https:\/\/isfdyt25-bue.infd.edu.ar\/sitio\/asociacion-cooperadora\/\" data-type=\"page\">Ver Comisi\u00f3n Directiva 2022 &#8211; 2023<\/a><\/strong><\/p>\n\n\n\n<p>Durante el desarrollo de la asamblea, entre todas\/os pensamos estrategias para visibilizar las actividades que lleva adelante la Cooperadora. Cabe destacar que las Estudiantes hicieron valiosos aportes para mejorar la din\u00e1mica y la comunicaci\u00f3n a trav\u00e9s de las redes sociales.<\/p>\n\n\n\n<p>Alentamos a todas\/os a participar porque la funci\u00f3n de la Cooperadora Escolar es integrar a la Comunidad Educativa a trav\u00e9s de las actividades que se organizan y de este modo contribuir a mejorar la vida institucional de nuestro Instituto.<\/p>\n","protected":false},"excerpt":{"rendered":"<p>En el d\u00eda de ayer se realiz\u00f3 la Asamblea Anual Ordinaria de la Cooperadora del Instituto con la finalidad de renovar las autoridades de Comisi\u00f3n Directiva para el per\u00edodo abril 2022 &#8211; mayo 2023. All\u00ed, participaron Docentes y Estudiantes de las distintas carreras, se socializ\u00f3 sobre el balance mostrando el estado de los Ingresos, los &#8230; <a title=\"Nuevos comienzos en la Cooperadora\" class=\"read-more\" href=\"https:\/\/isfdyt25-bue.infd.edu.ar\/sitio\/nuevos-comienzos-en-la-cooperadora\/\" aria-label=\"More on Nuevos comienzos en la Cooperadora\">[+]<\/a><\/p>\n","protected":false},"author":2055,"featured_media":3955,"comment_status":"open","ping_status":"open","sticky":false,"template":"","format":"standard","meta":[],"categories":[55,48,25,24],"tags":[],"acf":[],"_links":{"self":[{"href":"https:\/\/isfdyt25-bue.infd.edu.ar\/sitio\/wp-json\/wp\/v2\/posts\/3952"}],"collection":[{"href":"https:\/\/isfdyt25-bue.infd.edu.ar\/sitio\/wp-json\/wp\/v2\/posts"}],"about":[{"href":"https:\/\/isfdyt25-bue.infd.edu.ar\/sitio\/wp-json\/wp\/v2\/types\/post"}],"author":[{"embeddable":true,"href":"https:\/\/isfdyt25-bue.infd.edu.ar\/sitio\/wp-json\/wp\/v2\/users\/2055"}],"replies":[{"embeddable":true,"href":"https:\/\/isfdyt25-bue.infd.edu.ar\/sitio\/wp-json\/wp\/v2\/comments?post=3952"}],"version-history":[{"count":5,"href":"https:\/\/isfdyt25-bue.infd.edu.ar\/sitio\/wp-json\/wp\/v2\/posts\/3952\/revisions"}],"predecessor-version":[{"id":3967,"href":"https:\/\/isfdyt25-bue.infd.edu.ar\/sitio\/wp-json\/wp\/v2\/posts\/3952\/revisions\/3967"}],"wp:featuredmedia":[{"embeddable":true,"href":"https:\/\/isfdyt25-bue.infd.edu.ar\/sitio\/wp-json\/wp\/v2\/media\/3955"}],"wp:attachment":[{"href":"https:\/\/isfdyt25-bue.infd.edu.ar\/sitio\/wp-json\/wp\/v2\/media?parent=3952"}],"wp:term":[{"taxonomy":"category","embeddable":true,"href":"https:\/\/isfdyt25-bue.infd.edu.ar\/sitio\/wp-json\/wp\/v2\/categories?post=3952"},{"taxonomy":"post_tag","embeddable":true,"href":"https:\/\/isfdyt25-bue.infd.edu.ar\/sitio\/wp-json\/wp\/v2\/tags?post=3952"}],"curies":[{"name":"wp","href":"https:\/\/api.w.org\/{rel}","templated":true}]}}