{"id":3918,"date":"2022-06-28T17:15:02","date_gmt":"2022-06-28T20:15:02","guid":{"rendered":"https:\/\/isfdyt25-bue.infd.edu.ar\/sitio\/?p=3918"},"modified":"2022-07-18T11:38:41","modified_gmt":"2022-07-18T14:38:41","slug":"en-las-aulas-con-mejores-recursos-tecnologicos","status":"publish","type":"post","link":"https:\/\/isfdyt25-bue.infd.edu.ar\/sitio\/en-las-aulas-con-mejores-recursos-tecnologicos\/","title":{"rendered":"En las aulas, con mejores recursos tecnol\u00f3gicos"},"content":{"rendered":"\n<p>Aunando esfuerzos, el Equipo Directivo y la Asociaci\u00f3n Cooperadora del Instituto lograron un gran avance en cuanto a lo tecnol\u00f3gico: en estos d\u00edas se complet\u00f3 la instalaci\u00f3n de la <strong>conexi\u00f3n de Internet por fibra \u00f3ptica<\/strong> para las tres sedes de la Instituci\u00f3n.<\/p>\n\n\n\n<p>Que haya Internet en todas las aulas, nos habla de la gesti\u00f3n silenciosa y casi invisible que realizan las personas que conducen nuestro Instituto y la Cooperadora. Estas conexiones se abonan con dinero de la <strong>Cooperadora<\/strong> gracias a la contribuci\u00f3n de estudiantes y docentes que con mucho esfuerzo hacen su aporte a la <strong>Cuota Mensual<\/strong> o participan de las rifas, sorteos y m\u00faltiples actividades que se organizan para recaudar fondos.<\/p>\n\n\n\n<figure class=\"wp-block-gallery columns-3 is-cropped wp-block-gallery-1 is-layout-flex\"><ul class=\"blocks-gallery-grid\"><li class=\"blocks-gallery-item\"><figure><img decoding=\"async\" src=\"https:\/\/isfdyt25-bue.infd.edu.ar\/sitio\/wp-content\/uploads\/2022\/06\/WhatsApp-Image-2022-06-28-at-3.28.07-PM.jpeg\" alt=\"\" data-id=\"3923\" data-full-url=\"https:\/\/isfdyt25-bue.infd.edu.ar\/sitio\/wp-content\/uploads\/2022\/06\/WhatsApp-Image-2022-06-28-at-3.28.07-PM.jpeg\" data-link=\"https:\/\/isfdyt25-bue.infd.edu.ar\/sitio\/en-las-aulas-con-mejores-recursos-tecnologicos\/whatsapp-image-2022-06-28-at-3-28-07-pm\/#main\" class=\"wp-image-3923\"\/><\/figure><\/li><li class=\"blocks-gallery-item\"><figure><img decoding=\"async\" loading=\"lazy\" width=\"1600\" height=\"1200\" src=\"https:\/\/isfdyt25-bue.infd.edu.ar\/sitio\/wp-content\/uploads\/2022\/06\/WhatsApp-Image-2022-06-28-at-3.28.37-PM1.jpeg\" alt=\"\" data-id=\"3924\" data-full-url=\"https:\/\/isfdyt25-bue.infd.edu.ar\/sitio\/wp-content\/uploads\/2022\/06\/WhatsApp-Image-2022-06-28-at-3.28.37-PM1.jpeg\" data-link=\"https:\/\/isfdyt25-bue.infd.edu.ar\/sitio\/en-las-aulas-con-mejores-recursos-tecnologicos\/whatsapp-image-2022-06-28-at-3-28-37-pm1\/#main\" class=\"wp-image-3924\" srcset=\"https:\/\/isfdyt25-bue.infd.edu.ar\/sitio\/wp-content\/uploads\/2022\/06\/WhatsApp-Image-2022-06-28-at-3.28.37-PM1.jpeg 1600w, https:\/\/isfdyt25-bue.infd.edu.ar\/sitio\/wp-content\/uploads\/2022\/06\/WhatsApp-Image-2022-06-28-at-3.28.37-PM1-1000x750.jpeg 1000w, https:\/\/isfdyt25-bue.infd.edu.ar\/sitio\/wp-content\/uploads\/2022\/06\/WhatsApp-Image-2022-06-28-at-3.28.37-PM1-768x576.jpeg 768w, https:\/\/isfdyt25-bue.infd.edu.ar\/sitio\/wp-content\/uploads\/2022\/06\/WhatsApp-Image-2022-06-28-at-3.28.37-PM1-1536x1152.jpeg 1536w\" sizes=\"(max-width: 1600px) 100vw, 1600px\" \/><\/figure><\/li><li class=\"blocks-gallery-item\"><figure><img decoding=\"async\" loading=\"lazy\" width=\"1600\" height=\"1200\" src=\"https:\/\/isfdyt25-bue.infd.edu.ar\/sitio\/wp-content\/uploads\/2022\/06\/WhatsApp-Image-2022-06-28-at-3.28.37-PM.jpeg\" alt=\"\" data-id=\"3925\" data-full-url=\"https:\/\/isfdyt25-bue.infd.edu.ar\/sitio\/wp-content\/uploads\/2022\/06\/WhatsApp-Image-2022-06-28-at-3.28.37-PM.jpeg\" data-link=\"https:\/\/isfdyt25-bue.infd.edu.ar\/sitio\/en-las-aulas-con-mejores-recursos-tecnologicos\/whatsapp-image-2022-06-28-at-3-28-37-pm\/#main\" class=\"wp-image-3925\" srcset=\"https:\/\/isfdyt25-bue.infd.edu.ar\/sitio\/wp-content\/uploads\/2022\/06\/WhatsApp-Image-2022-06-28-at-3.28.37-PM.jpeg 1600w, https:\/\/isfdyt25-bue.infd.edu.ar\/sitio\/wp-content\/uploads\/2022\/06\/WhatsApp-Image-2022-06-28-at-3.28.37-PM-1000x750.jpeg 1000w, https:\/\/isfdyt25-bue.infd.edu.ar\/sitio\/wp-content\/uploads\/2022\/06\/WhatsApp-Image-2022-06-28-at-3.28.37-PM-768x576.jpeg 768w, https:\/\/isfdyt25-bue.infd.edu.ar\/sitio\/wp-content\/uploads\/2022\/06\/WhatsApp-Image-2022-06-28-at-3.28.37-PM-1536x1152.jpeg 1536w\" sizes=\"(max-width: 1600px) 100vw, 1600px\" \/><\/figure><\/li><li class=\"blocks-gallery-item\"><figure><img decoding=\"async\" loading=\"lazy\" width=\"1200\" height=\"1600\" src=\"https:\/\/isfdyt25-bue.infd.edu.ar\/sitio\/wp-content\/uploads\/2022\/06\/WhatsApp-Image-2022-06-28-at-3.28.38-PM-1.jpeg\" alt=\"\" data-id=\"3926\" data-full-url=\"https:\/\/isfdyt25-bue.infd.edu.ar\/sitio\/wp-content\/uploads\/2022\/06\/WhatsApp-Image-2022-06-28-at-3.28.38-PM-1.jpeg\" data-link=\"https:\/\/isfdyt25-bue.infd.edu.ar\/sitio\/en-las-aulas-con-mejores-recursos-tecnologicos\/whatsapp-image-2022-06-28-at-3-28-38-pm-1\/#main\" class=\"wp-image-3926\" srcset=\"https:\/\/isfdyt25-bue.infd.edu.ar\/sitio\/wp-content\/uploads\/2022\/06\/WhatsApp-Image-2022-06-28-at-3.28.38-PM-1.jpeg 1200w, https:\/\/isfdyt25-bue.infd.edu.ar\/sitio\/wp-content\/uploads\/2022\/06\/WhatsApp-Image-2022-06-28-at-3.28.38-PM-1-750x1000.jpeg 750w, https:\/\/isfdyt25-bue.infd.edu.ar\/sitio\/wp-content\/uploads\/2022\/06\/WhatsApp-Image-2022-06-28-at-3.28.38-PM-1-768x1024.jpeg 768w, https:\/\/isfdyt25-bue.infd.edu.ar\/sitio\/wp-content\/uploads\/2022\/06\/WhatsApp-Image-2022-06-28-at-3.28.38-PM-1-1152x1536.jpeg 1152w\" sizes=\"(max-width: 1200px) 100vw, 1200px\" \/><\/figure><\/li><\/ul><\/figure>\n\n\n\n<p>Como complemento de esta \u00faltima novedad, se hicieron gestiones para poner en funcionamiento el <strong>Carrito Tecnol\u00f3gico<\/strong> provisto por el Ministerio de Educaci\u00f3n y con la asistencia t\u00e9cnica de la <strong>Facilitadora de Educaci\u00f3n Digital<\/strong> del Distrito de Patagones que depende la de <strong>Direcci\u00f3n de Tecnolog\u00eda Educativa<\/strong>. Las notebooks del carrito ser\u00e1n utilizadas en las clases como una herramienta did\u00e1ctica que brindan gran ayuda para las\/os Estudiantes y las\/os Docentes.<\/p>\n\n\n\n<p>Sigamos Estudiando! Sigamos creando Comunidad! Gracias a todas\/os las\/os que hacen posible este avance.<\/p>\n","protected":false},"excerpt":{"rendered":"<p>Aunando esfuerzos, el Equipo Directivo y la Asociaci\u00f3n Cooperadora del Instituto lograron un gran avance en cuanto a lo tecnol\u00f3gico: en estos d\u00edas se complet\u00f3 la instalaci\u00f3n de la conexi\u00f3n de Internet por fibra \u00f3ptica para las tres sedes de la Instituci\u00f3n. Que haya Internet en todas las aulas, nos habla de la gesti\u00f3n silenciosa &#8230; <a title=\"En las aulas, con mejores recursos tecnol\u00f3gicos\" class=\"read-more\" href=\"https:\/\/isfdyt25-bue.infd.edu.ar\/sitio\/en-las-aulas-con-mejores-recursos-tecnologicos\/\" aria-label=\"More on En las aulas, con mejores recursos tecnol\u00f3gicos\">[+]<\/a><\/p>\n","protected":false},"author":2055,"featured_media":3928,"comment_status":"open","ping_status":"open","sticky":false,"template":"","format":"standard","meta":[],"categories":[48,25,24],"tags":[],"acf":[],"_links":{"self":[{"href":"https:\/\/isfdyt25-bue.infd.edu.ar\/sitio\/wp-json\/wp\/v2\/posts\/3918"}],"collection":[{"href":"https:\/\/isfdyt25-bue.infd.edu.ar\/sitio\/wp-json\/wp\/v2\/posts"}],"about":[{"href":"https:\/\/isfdyt25-bue.infd.edu.ar\/sitio\/wp-json\/wp\/v2\/types\/post"}],"author":[{"embeddable":true,"href":"https:\/\/isfdyt25-bue.infd.edu.ar\/sitio\/wp-json\/wp\/v2\/users\/2055"}],"replies":[{"embeddable":true,"href":"https:\/\/isfdyt25-bue.infd.edu.ar\/sitio\/wp-json\/wp\/v2\/comments?post=3918"}],"version-history":[{"count":4,"href":"https:\/\/isfdyt25-bue.infd.edu.ar\/sitio\/wp-json\/wp\/v2\/posts\/3918\/revisions"}],"predecessor-version":[{"id":4113,"href":"https:\/\/isfdyt25-bue.infd.edu.ar\/sitio\/wp-json\/wp\/v2\/posts\/3918\/revisions\/4113"}],"wp:featuredmedia":[{"embeddable":true,"href":"https:\/\/isfdyt25-bue.infd.edu.ar\/sitio\/wp-json\/wp\/v2\/media\/3928"}],"wp:attachment":[{"href":"https:\/\/isfdyt25-bue.infd.edu.ar\/sitio\/wp-json\/wp\/v2\/media?parent=3918"}],"wp:term":[{"taxonomy":"category","embeddable":true,"href":"https:\/\/isfdyt25-bue.infd.edu.ar\/sitio\/wp-json\/wp\/v2\/categories?post=3918"},{"taxonomy":"post_tag","embeddable":true,"href":"https:\/\/isfdyt25-bue.infd.edu.ar\/sitio\/wp-json\/wp\/v2\/tags?post=3918"}],"curies":[{"name":"wp","href":"https:\/\/api.w.org\/{rel}","templated":true}]}}