{"id":3673,"date":"2022-06-02T17:10:04","date_gmt":"2022-06-02T20:10:04","guid":{"rendered":"https:\/\/isfdyt25-bue.infd.edu.ar\/sitio\/?p=3673"},"modified":"2022-06-13T15:42:04","modified_gmt":"2022-06-13T18:42:04","slug":"jornada-institucional-por-el-3j","status":"publish","type":"post","link":"https:\/\/isfdyt25-bue.infd.edu.ar\/sitio\/jornada-institucional-por-el-3j\/","title":{"rendered":"Jornada Institucional por el #3J"},"content":{"rendered":"\n<p>Este #3J, el Instituto se suma a la Jornada Nacional <strong>\u00abNi una menos\u00bb <\/strong>con distintas actividades organizadas por cada una de las Sedes y coordinadas por Preceptoras y Profesoras comprometidas con la lucha de las mujeres y con la implementaci\u00f3n de la ESI en las instituciones educativas. <\/p>\n\n\n\n<p>A siete a\u00f1os del primer grito de \u00abni una menos\u00bb, en este 2022 la consigna es <strong><a href=\"https:\/\/drive.google.com\/file\/d\/10IaYT9XSM2SXXnAxPa9xoqv94z6ZwXzo\/view?usp=sharing\" data-type=\"URL\" data-id=\"https:\/\/drive.google.com\/file\/d\/10IaYT9XSM2SXXnAxPa9xoqv94z6ZwXzo\/view?usp=sharing\">\u00abTenemos algo para decir\u00bb<\/a><\/strong>. Durante los cursados de las distintas Carreras, se generaron espacios donde las y los Estudiantes pudieron reflexionar, debatir, exponer sus opiniones y sus vivencias relacionadas con la tem\u00e1tica.<\/p>\n\n\n\n<p>En <strong>Sede 9 de Julio<\/strong>, se hizo un abordaje a partir de la escucha de canciones y fue coordinado por la preceptora <strong>Josefina Avale<\/strong> y la profesora <strong>Claudia Rivetta<\/strong>. En la puesta en com\u00fan, surgi\u00f3 un debate muy rico en torno a lo que escuchan las juventudes y c\u00f3mo se genera un sentido com\u00fan a partir de la letra de esas canciones&#8230; <\/p>\n\n\n\n<p>La <strong><a href=\"https:\/\/isfdyt25-bue.infd.edu.ar\/sitio\/wp-content\/uploads\/2022\/06\/ISFDyT25-Propuesta-Ni-una-menos-1.pdf\">propuesta de actividades<\/a><\/strong> se comparte para ser empleada en las pr\u00e1cticas docentes o en las clases.<\/p>\n\n\n\n<figure class=\"wp-block-gallery columns-3 is-cropped wp-block-gallery-1 is-layout-flex\"><ul class=\"blocks-gallery-grid\"><li class=\"blocks-gallery-item\"><figure><img decoding=\"async\" loading=\"lazy\" width=\"1900\" height=\"1425\" src=\"https:\/\/isfdyt25-bue.infd.edu.ar\/sitio\/wp-content\/uploads\/2022\/06\/20220602_154052-1900x1425.jpg\" alt=\"\" data-id=\"3680\" data-link=\"https:\/\/isfdyt25-bue.infd.edu.ar\/sitio\/jornada-institucional-por-el-3j\/20220602_154052\/#main\" class=\"wp-image-3680\" srcset=\"https:\/\/isfdyt25-bue.infd.edu.ar\/sitio\/wp-content\/uploads\/2022\/06\/20220602_154052-1900x1425.jpg 1900w, https:\/\/isfdyt25-bue.infd.edu.ar\/sitio\/wp-content\/uploads\/2022\/06\/20220602_154052-1000x750.jpg 1000w, https:\/\/isfdyt25-bue.infd.edu.ar\/sitio\/wp-content\/uploads\/2022\/06\/20220602_154052-768x576.jpg 768w, https:\/\/isfdyt25-bue.infd.edu.ar\/sitio\/wp-content\/uploads\/2022\/06\/20220602_154052-1536x1152.jpg 1536w, https:\/\/isfdyt25-bue.infd.edu.ar\/sitio\/wp-content\/uploads\/2022\/06\/20220602_154052-2048x1536.jpg 2048w\" sizes=\"(max-width: 1900px) 100vw, 1900px\" \/><\/figure><\/li><li class=\"blocks-gallery-item\"><figure><img decoding=\"async\" loading=\"lazy\" width=\"1900\" height=\"1425\" src=\"https:\/\/isfdyt25-bue.infd.edu.ar\/sitio\/wp-content\/uploads\/2022\/06\/20220602_154002-1900x1425.jpg\" alt=\"\" data-id=\"3681\" data-link=\"https:\/\/isfdyt25-bue.infd.edu.ar\/sitio\/jornada-institucional-por-el-3j\/20220602_154002\/#main\" class=\"wp-image-3681\" srcset=\"https:\/\/isfdyt25-bue.infd.edu.ar\/sitio\/wp-content\/uploads\/2022\/06\/20220602_154002-1900x1425.jpg 1900w, https:\/\/isfdyt25-bue.infd.edu.ar\/sitio\/wp-content\/uploads\/2022\/06\/20220602_154002-1000x750.jpg 1000w, https:\/\/isfdyt25-bue.infd.edu.ar\/sitio\/wp-content\/uploads\/2022\/06\/20220602_154002-768x576.jpg 768w, https:\/\/isfdyt25-bue.infd.edu.ar\/sitio\/wp-content\/uploads\/2022\/06\/20220602_154002-1536x1152.jpg 1536w, https:\/\/isfdyt25-bue.infd.edu.ar\/sitio\/wp-content\/uploads\/2022\/06\/20220602_154002-2048x1536.jpg 2048w\" sizes=\"(max-width: 1900px) 100vw, 1900px\" \/><\/figure><\/li><li class=\"blocks-gallery-item\"><figure><img decoding=\"async\" loading=\"lazy\" width=\"1900\" height=\"1425\" src=\"https:\/\/isfdyt25-bue.infd.edu.ar\/sitio\/wp-content\/uploads\/2022\/06\/20220602_153941-1900x1425.jpg\" alt=\"\" data-id=\"3682\" data-full-url=\"https:\/\/isfdyt25-bue.infd.edu.ar\/sitio\/wp-content\/uploads\/2022\/06\/20220602_153941-scaled.jpg\" data-link=\"https:\/\/isfdyt25-bue.infd.edu.ar\/sitio\/jornada-institucional-por-el-3j\/20220602_153941\/#main\" class=\"wp-image-3682\" srcset=\"https:\/\/isfdyt25-bue.infd.edu.ar\/sitio\/wp-content\/uploads\/2022\/06\/20220602_153941-1900x1425.jpg 1900w, https:\/\/isfdyt25-bue.infd.edu.ar\/sitio\/wp-content\/uploads\/2022\/06\/20220602_153941-1000x750.jpg 1000w, https:\/\/isfdyt25-bue.infd.edu.ar\/sitio\/wp-content\/uploads\/2022\/06\/20220602_153941-768x576.jpg 768w, https:\/\/isfdyt25-bue.infd.edu.ar\/sitio\/wp-content\/uploads\/2022\/06\/20220602_153941-1536x1152.jpg 1536w, https:\/\/isfdyt25-bue.infd.edu.ar\/sitio\/wp-content\/uploads\/2022\/06\/20220602_153941-2048x1536.jpg 2048w\" sizes=\"(max-width: 1900px) 100vw, 1900px\" \/><\/figure><\/li><li class=\"blocks-gallery-item\"><figure><img decoding=\"async\" loading=\"lazy\" width=\"1900\" height=\"1425\" src=\"https:\/\/isfdyt25-bue.infd.edu.ar\/sitio\/wp-content\/uploads\/2022\/06\/20220602_153917-1900x1425.jpg\" alt=\"\" data-id=\"3679\" class=\"wp-image-3679\" srcset=\"https:\/\/isfdyt25-bue.infd.edu.ar\/sitio\/wp-content\/uploads\/2022\/06\/20220602_153917-1900x1425.jpg 1900w, https:\/\/isfdyt25-bue.infd.edu.ar\/sitio\/wp-content\/uploads\/2022\/06\/20220602_153917-1000x750.jpg 1000w, https:\/\/isfdyt25-bue.infd.edu.ar\/sitio\/wp-content\/uploads\/2022\/06\/20220602_153917-768x576.jpg 768w, https:\/\/isfdyt25-bue.infd.edu.ar\/sitio\/wp-content\/uploads\/2022\/06\/20220602_153917-1536x1152.jpg 1536w, https:\/\/isfdyt25-bue.infd.edu.ar\/sitio\/wp-content\/uploads\/2022\/06\/20220602_153917-2048x1536.jpg 2048w\" sizes=\"(max-width: 1900px) 100vw, 1900px\" \/><\/figure><\/li><\/ul><\/figure>\n\n\n\n<p>Las profesoras de 1er A\u00f1o de la Carrera de Trabajo Social <strong>Natalia Pilmartiri<\/strong> y <strong>Candelaria Molineux<\/strong> organizaron un Taller con las y los estudiantes donde produjeron carteler\u00eda para concientizar a la comunidad de la <strong>Sede San Lorenzo<\/strong>. <\/p>\n\n\n\n<p>Se sumaron con <a href=\"https:\/\/isfdyt25-bue.infd.edu.ar\/sitio\/ciclo-lectivo-2022-4\/\" data-type=\"page\" data-id=\"2092\"><strong>otras actividades<\/strong><\/a>, estudiantes de 3er A\u00f1o y 4to A\u00f1o de dicha carrera, a cargo de <strong>Lorena Calvo<\/strong> con acciones tales como: <\/p>\n\n\n\n<ul><li>la visita de referentes feministas pertenecientes a la comisi\u00f3n Mujeres Organizadas de Viedma y Patagones,  representadas por Silvia V. Colque &#8211; tercer a\u00f1o.<\/li><li>Actividad de Difusi\u00f3n y Prevenci\u00f3n de la Violencia de G\u00e9nero en el marco de las Pr\u00e1cticas Profesionalizantes en la Oficina de G\u00e9nero con la distribuci\u00f3n de folleter\u00eda y la habilitaci\u00f3n de un buz\u00f3n de consultas &#8211; cuarto a\u00f1o.<\/li><\/ul>\n\n\n\n<figure class=\"wp-block-gallery columns-3 is-cropped wp-block-gallery-3 is-layout-flex\"><ul class=\"blocks-gallery-grid\"><li class=\"blocks-gallery-item\"><figure><img decoding=\"async\" loading=\"lazy\" width=\"1040\" height=\"780\" src=\"https:\/\/isfdyt25-bue.infd.edu.ar\/sitio\/wp-content\/uploads\/2022\/06\/IMG-20220601-WA00211.jpg\" alt=\"\" data-id=\"3691\" class=\"wp-image-3691\" srcset=\"https:\/\/isfdyt25-bue.infd.edu.ar\/sitio\/wp-content\/uploads\/2022\/06\/IMG-20220601-WA00211.jpg 1040w, https:\/\/isfdyt25-bue.infd.edu.ar\/sitio\/wp-content\/uploads\/2022\/06\/IMG-20220601-WA00211-1000x750.jpg 1000w, https:\/\/isfdyt25-bue.infd.edu.ar\/sitio\/wp-content\/uploads\/2022\/06\/IMG-20220601-WA00211-768x576.jpg 768w\" sizes=\"(max-width: 1040px) 100vw, 1040px\" \/><\/figure><\/li><li class=\"blocks-gallery-item\"><figure><img decoding=\"async\" loading=\"lazy\" width=\"1040\" height=\"780\" src=\"https:\/\/isfdyt25-bue.infd.edu.ar\/sitio\/wp-content\/uploads\/2022\/06\/IMG-20220601-WA0020.jpg\" alt=\"\" data-id=\"3692\" data-link=\"https:\/\/isfdyt25-bue.infd.edu.ar\/sitio\/jornada-institucional-por-el-3j\/img-20220601-wa0020\/#main\" class=\"wp-image-3692\" srcset=\"https:\/\/isfdyt25-bue.infd.edu.ar\/sitio\/wp-content\/uploads\/2022\/06\/IMG-20220601-WA0020.jpg 1040w, https:\/\/isfdyt25-bue.infd.edu.ar\/sitio\/wp-content\/uploads\/2022\/06\/IMG-20220601-WA0020-1000x750.jpg 1000w, https:\/\/isfdyt25-bue.infd.edu.ar\/sitio\/wp-content\/uploads\/2022\/06\/IMG-20220601-WA0020-768x576.jpg 768w\" sizes=\"(max-width: 1040px) 100vw, 1040px\" \/><\/figure><\/li><li class=\"blocks-gallery-item\"><figure><img decoding=\"async\" loading=\"lazy\" width=\"1280\" height=\"893\" src=\"https:\/\/isfdyt25-bue.infd.edu.ar\/sitio\/wp-content\/uploads\/2022\/06\/WhatsApp-Image-2022-06-13-at-2.51.41-PM.jpeg\" alt=\"\" data-id=\"3822\" data-full-url=\"https:\/\/isfdyt25-bue.infd.edu.ar\/sitio\/wp-content\/uploads\/2022\/06\/WhatsApp-Image-2022-06-13-at-2.51.41-PM.jpeg\" data-link=\"https:\/\/isfdyt25-bue.infd.edu.ar\/sitio\/jornada-institucional-por-el-3j\/whatsapp-image-2022-06-13-at-2-51-41-pm\/#main\" class=\"wp-image-3822\" srcset=\"https:\/\/isfdyt25-bue.infd.edu.ar\/sitio\/wp-content\/uploads\/2022\/06\/WhatsApp-Image-2022-06-13-at-2.51.41-PM.jpeg 1280w, https:\/\/isfdyt25-bue.infd.edu.ar\/sitio\/wp-content\/uploads\/2022\/06\/WhatsApp-Image-2022-06-13-at-2.51.41-PM-1000x698.jpeg 1000w, https:\/\/isfdyt25-bue.infd.edu.ar\/sitio\/wp-content\/uploads\/2022\/06\/WhatsApp-Image-2022-06-13-at-2.51.41-PM-768x536.jpeg 768w\" sizes=\"(max-width: 1280px) 100vw, 1280px\" \/><\/figure><\/li><li class=\"blocks-gallery-item\"><figure><img decoding=\"async\" loading=\"lazy\" width=\"1600\" height=\"740\" src=\"https:\/\/isfdyt25-bue.infd.edu.ar\/sitio\/wp-content\/uploads\/2022\/06\/WhatsApp-Image-2022-06-13-at-2.51.40-PM.jpeg\" alt=\"\" data-id=\"3823\" data-full-url=\"https:\/\/isfdyt25-bue.infd.edu.ar\/sitio\/wp-content\/uploads\/2022\/06\/WhatsApp-Image-2022-06-13-at-2.51.40-PM.jpeg\" data-link=\"https:\/\/isfdyt25-bue.infd.edu.ar\/sitio\/jornada-institucional-por-el-3j\/whatsapp-image-2022-06-13-at-2-51-40-pm\/#main\" class=\"wp-image-3823\" srcset=\"https:\/\/isfdyt25-bue.infd.edu.ar\/sitio\/wp-content\/uploads\/2022\/06\/WhatsApp-Image-2022-06-13-at-2.51.40-PM.jpeg 1600w, https:\/\/isfdyt25-bue.infd.edu.ar\/sitio\/wp-content\/uploads\/2022\/06\/WhatsApp-Image-2022-06-13-at-2.51.40-PM-1000x463.jpeg 1000w, https:\/\/isfdyt25-bue.infd.edu.ar\/sitio\/wp-content\/uploads\/2022\/06\/WhatsApp-Image-2022-06-13-at-2.51.40-PM-768x355.jpeg 768w, https:\/\/isfdyt25-bue.infd.edu.ar\/sitio\/wp-content\/uploads\/2022\/06\/WhatsApp-Image-2022-06-13-at-2.51.40-PM-1536x710.jpeg 1536w\" sizes=\"(max-width: 1600px) 100vw, 1600px\" \/><\/figure><\/li><li class=\"blocks-gallery-item\"><figure><img decoding=\"async\" loading=\"lazy\" width=\"1280\" height=\"960\" src=\"https:\/\/isfdyt25-bue.infd.edu.ar\/sitio\/wp-content\/uploads\/2022\/06\/WhatsApp-Image-2022-06-13-at-2.51.39-PM.jpeg\" alt=\"\" data-id=\"3824\" data-full-url=\"https:\/\/isfdyt25-bue.infd.edu.ar\/sitio\/wp-content\/uploads\/2022\/06\/WhatsApp-Image-2022-06-13-at-2.51.39-PM.jpeg\" data-link=\"https:\/\/isfdyt25-bue.infd.edu.ar\/sitio\/jornada-institucional-por-el-3j\/whatsapp-image-2022-06-13-at-2-51-39-pm\/#main\" class=\"wp-image-3824\" srcset=\"https:\/\/isfdyt25-bue.infd.edu.ar\/sitio\/wp-content\/uploads\/2022\/06\/WhatsApp-Image-2022-06-13-at-2.51.39-PM.jpeg 1280w, https:\/\/isfdyt25-bue.infd.edu.ar\/sitio\/wp-content\/uploads\/2022\/06\/WhatsApp-Image-2022-06-13-at-2.51.39-PM-1000x750.jpeg 1000w, https:\/\/isfdyt25-bue.infd.edu.ar\/sitio\/wp-content\/uploads\/2022\/06\/WhatsApp-Image-2022-06-13-at-2.51.39-PM-768x576.jpeg 768w\" sizes=\"(max-width: 1280px) 100vw, 1280px\" \/><\/figure><\/li><\/ul><\/figure>\n\n\n\n<figure class=\"wp-block-video\"><video controls src=\"https:\/\/isfdyt25-bue.infd.edu.ar\/sitio\/wp-content\/uploads\/2022\/06\/VID-20220601-WA00171.mp4\"><\/video><\/figure>\n\n\n\n<p>Las y los estudiantes de las carreras de Educaci\u00f3n Primaria y Educaci\u00f3n Especial prepararon folleter\u00eda y carteles con los que participar\u00e1n de la marcha que conmemora la fecha. Coordinaron las actividades de la <strong>Sede Bottazzi<\/strong>, las profesoras <strong>Analisa Castillo<\/strong>, <strong>Morella Irazusta<\/strong> y <strong>Luisina Soto Galantini<\/strong>.<\/p>\n\n\n\n<figure class=\"wp-block-gallery columns-3 is-cropped wp-block-gallery-5 is-layout-flex\"><ul class=\"blocks-gallery-grid\"><li class=\"blocks-gallery-item\"><figure><img decoding=\"async\" loading=\"lazy\" width=\"900\" height=\"1600\" src=\"https:\/\/isfdyt25-bue.infd.edu.ar\/sitio\/wp-content\/uploads\/2022\/06\/IMG-20220602-WA0014.jpg\" alt=\"\" data-id=\"3698\" data-full-url=\"https:\/\/isfdyt25-bue.infd.edu.ar\/sitio\/wp-content\/uploads\/2022\/06\/IMG-20220602-WA0014.jpg\" data-link=\"https:\/\/isfdyt25-bue.infd.edu.ar\/sitio\/jornada-institucional-por-el-3j\/img-20220602-wa0014\/#main\" class=\"wp-image-3698\" srcset=\"https:\/\/isfdyt25-bue.infd.edu.ar\/sitio\/wp-content\/uploads\/2022\/06\/IMG-20220602-WA0014.jpg 900w, https:\/\/isfdyt25-bue.infd.edu.ar\/sitio\/wp-content\/uploads\/2022\/06\/IMG-20220602-WA0014-563x1000.jpg 563w, https:\/\/isfdyt25-bue.infd.edu.ar\/sitio\/wp-content\/uploads\/2022\/06\/IMG-20220602-WA0014-768x1365.jpg 768w, https:\/\/isfdyt25-bue.infd.edu.ar\/sitio\/wp-content\/uploads\/2022\/06\/IMG-20220602-WA0014-864x1536.jpg 864w\" sizes=\"(max-width: 900px) 100vw, 900px\" \/><\/figure><\/li><li class=\"blocks-gallery-item\"><figure><img decoding=\"async\" loading=\"lazy\" width=\"1600\" height=\"900\" src=\"https:\/\/isfdyt25-bue.infd.edu.ar\/sitio\/wp-content\/uploads\/2022\/06\/IMG-20220602-WA0015.jpg\" alt=\"\" data-id=\"3699\" data-full-url=\"https:\/\/isfdyt25-bue.infd.edu.ar\/sitio\/wp-content\/uploads\/2022\/06\/IMG-20220602-WA0015.jpg\" data-link=\"https:\/\/isfdyt25-bue.infd.edu.ar\/sitio\/jornada-institucional-por-el-3j\/img-20220602-wa0015\/#main\" class=\"wp-image-3699\" srcset=\"https:\/\/isfdyt25-bue.infd.edu.ar\/sitio\/wp-content\/uploads\/2022\/06\/IMG-20220602-WA0015.jpg 1600w, https:\/\/isfdyt25-bue.infd.edu.ar\/sitio\/wp-content\/uploads\/2022\/06\/IMG-20220602-WA0015-1000x563.jpg 1000w, https:\/\/isfdyt25-bue.infd.edu.ar\/sitio\/wp-content\/uploads\/2022\/06\/IMG-20220602-WA0015-768x432.jpg 768w, https:\/\/isfdyt25-bue.infd.edu.ar\/sitio\/wp-content\/uploads\/2022\/06\/IMG-20220602-WA0015-1536x864.jpg 1536w\" sizes=\"(max-width: 1600px) 100vw, 1600px\" \/><\/figure><\/li><li class=\"blocks-gallery-item\"><figure><img decoding=\"async\" loading=\"lazy\" width=\"1600\" height=\"900\" src=\"https:\/\/isfdyt25-bue.infd.edu.ar\/sitio\/wp-content\/uploads\/2022\/06\/IMG-20220602-WA0017.jpg\" alt=\"\" data-id=\"3700\" data-full-url=\"https:\/\/isfdyt25-bue.infd.edu.ar\/sitio\/wp-content\/uploads\/2022\/06\/IMG-20220602-WA0017.jpg\" data-link=\"https:\/\/isfdyt25-bue.infd.edu.ar\/sitio\/jornada-institucional-por-el-3j\/img-20220602-wa0017\/#main\" class=\"wp-image-3700\" srcset=\"https:\/\/isfdyt25-bue.infd.edu.ar\/sitio\/wp-content\/uploads\/2022\/06\/IMG-20220602-WA0017.jpg 1600w, https:\/\/isfdyt25-bue.infd.edu.ar\/sitio\/wp-content\/uploads\/2022\/06\/IMG-20220602-WA0017-1000x563.jpg 1000w, https:\/\/isfdyt25-bue.infd.edu.ar\/sitio\/wp-content\/uploads\/2022\/06\/IMG-20220602-WA0017-768x432.jpg 768w, https:\/\/isfdyt25-bue.infd.edu.ar\/sitio\/wp-content\/uploads\/2022\/06\/IMG-20220602-WA0017-1536x864.jpg 1536w\" sizes=\"(max-width: 1600px) 100vw, 1600px\" \/><\/figure><\/li><\/ul><\/figure>\n\n\n\n<p><\/p>\n","protected":false},"excerpt":{"rendered":"<p>Este #3J, el Instituto se suma a la Jornada Nacional \u00abNi una menos\u00bb con distintas actividades organizadas por cada una de las Sedes y coordinadas por Preceptoras y Profesoras comprometidas con la lucha de las mujeres y con la implementaci\u00f3n de la ESI en las instituciones educativas. A siete a\u00f1os del primer grito de \u00abni &#8230; <a title=\"Jornada Institucional por el #3J\" class=\"read-more\" href=\"https:\/\/isfdyt25-bue.infd.edu.ar\/sitio\/jornada-institucional-por-el-3j\/\" aria-label=\"More on Jornada Institucional por el #3J\">[+]<\/a><\/p>\n","protected":false},"author":2055,"featured_media":3689,"comment_status":"open","ping_status":"open","sticky":false,"template":"","format":"standard","meta":[],"categories":[48,25,24],"tags":[],"acf":[],"_links":{"self":[{"href":"https:\/\/isfdyt25-bue.infd.edu.ar\/sitio\/wp-json\/wp\/v2\/posts\/3673"}],"collection":[{"href":"https:\/\/isfdyt25-bue.infd.edu.ar\/sitio\/wp-json\/wp\/v2\/posts"}],"about":[{"href":"https:\/\/isfdyt25-bue.infd.edu.ar\/sitio\/wp-json\/wp\/v2\/types\/post"}],"author":[{"embeddable":true,"href":"https:\/\/isfdyt25-bue.infd.edu.ar\/sitio\/wp-json\/wp\/v2\/users\/2055"}],"replies":[{"embeddable":true,"href":"https:\/\/isfdyt25-bue.infd.edu.ar\/sitio\/wp-json\/wp\/v2\/comments?post=3673"}],"version-history":[{"count":16,"href":"https:\/\/isfdyt25-bue.infd.edu.ar\/sitio\/wp-json\/wp\/v2\/posts\/3673\/revisions"}],"predecessor-version":[{"id":3826,"href":"https:\/\/isfdyt25-bue.infd.edu.ar\/sitio\/wp-json\/wp\/v2\/posts\/3673\/revisions\/3826"}],"wp:featuredmedia":[{"embeddable":true,"href":"https:\/\/isfdyt25-bue.infd.edu.ar\/sitio\/wp-json\/wp\/v2\/media\/3689"}],"wp:attachment":[{"href":"https:\/\/isfdyt25-bue.infd.edu.ar\/sitio\/wp-json\/wp\/v2\/media?parent=3673"}],"wp:term":[{"taxonomy":"category","embeddable":true,"href":"https:\/\/isfdyt25-bue.infd.edu.ar\/sitio\/wp-json\/wp\/v2\/categories?post=3673"},{"taxonomy":"post_tag","embeddable":true,"href":"https:\/\/isfdyt25-bue.infd.edu.ar\/sitio\/wp-json\/wp\/v2\/tags?post=3673"}],"curies":[{"name":"wp","href":"https:\/\/api.w.org\/{rel}","templated":true}]}}