{"id":3664,"date":"2022-06-01T18:17:01","date_gmt":"2022-06-01T21:17:01","guid":{"rendered":"https:\/\/isfdyt25-bue.infd.edu.ar\/sitio\/?p=3664"},"modified":"2022-06-08T22:09:41","modified_gmt":"2022-06-09T01:09:41","slug":"talleres-academicos-para-las-y-los-estudiantes-del-instituto","status":"publish","type":"post","link":"https:\/\/isfdyt25-bue.infd.edu.ar\/sitio\/talleres-academicos-para-las-y-los-estudiantes-del-instituto\/","title":{"rendered":"Talleres Acad\u00e9micos para las y los Estudiantes del Instituto"},"content":{"rendered":"\n<p>En el marco de las acciones para el fortalecimiento de las Trayectorias de las y los Estudiantes, el I.S.F.D. y T. N\u00b0 25 dio inicio al primer Taller organizado por la Coordinadora Institucional de Pol\u00edticas Estudiantiles &#8211; <a href=\"https:\/\/www.facebook.com\/CIPEs-ISFDyT-N-25-109162484820583\/?__cft__[0]=AZXXJM16oy6SJZHjlz4B4RZaSHdq7crUl3CKV5ssMQQkjuqzNquXRcl7X30RJWE5RQzZRVUv3v_2zDjMjFDFLQAbtyaVOjfh_wGu2d-vnIO1G08WFOxLimuvLYYpKhWF9-FaTIKrcz8V15c3_Sx72ZCjV7lTd9HfNF6WcUAPZtzh-kCU92YzmGf4zkRDkipSJjcUnhSVvK3AxvXTZBu-hO2T&amp;__tn__=kK-R\">CIPEs ISFDyT N 25<\/a> &#8211; en articulaci\u00f3n con el CIIE Patagones. <\/p>\n\n\n\n<p>Este taller denominado <strong>Ser Estudiante del Nivel Superior<\/strong> fue pensado especialmente como una propuesta para las y los Estudiantes de 1\u00b0 y 2\u00b0 A\u00f1o de nuestras Carreras donde los asistentes podr\u00e1n nutrirse, a trav\u00e9s de varios encuentros presenciales, de excelentes herramientas para su formaci\u00f3n acad\u00e9mica con la orientaci\u00f3n y el acompa\u00f1amiento de las profesoras Ver\u00f3nica Cuevas y Mar\u00eda C\u00e1ccamo. <\/p>\n\n\n\n<p>Agradecemos a <a href=\"https:\/\/www.facebook.com\/ciiepatagones?__cft__[0]=AZXXJM16oy6SJZHjlz4B4RZaSHdq7crUl3CKV5ssMQQkjuqzNquXRcl7X30RJWE5RQzZRVUv3v_2zDjMjFDFLQAbtyaVOjfh_wGu2d-vnIO1G08WFOxLimuvLYYpKhWF9-FaTIKrcz8V15c3_Sx72ZCjV7lTd9HfNF6WcUAPZtzh-kCU92YzmGf4zkRDkipSJjcUnhSVvK3AxvXTZBu-hO2T&amp;__tn__=-]K-R\">CIIE Patagones<\/a> por apoyar estas acciones y brindarnos el espacio para que cada estudiante comience a transitar la formaci\u00f3n inicial y permanente desde los primeros pasos. Quienes est\u00e9n interesados en participar, pueden sumarse a los  pr\u00f3ximos Talleres que abordar\u00e1n interesantes tem\u00e1tica. Esperamos los comentarios de los participantes!<\/p>\n\n\n\n<figure class=\"wp-block-gallery columns-2 is-cropped wp-block-gallery-1 is-layout-flex\"><ul class=\"blocks-gallery-grid\"><li class=\"blocks-gallery-item\"><figure><img decoding=\"async\" loading=\"lazy\" width=\"1600\" height=\"1200\" src=\"https:\/\/isfdyt25-bue.infd.edu.ar\/sitio\/wp-content\/uploads\/2022\/06\/Taller-CIIE-2-1.jpg\" alt=\"\" data-id=\"3668\" data-full-url=\"https:\/\/isfdyt25-bue.infd.edu.ar\/sitio\/wp-content\/uploads\/2022\/06\/Taller-CIIE-2-1.jpg\" data-link=\"https:\/\/isfdyt25-bue.infd.edu.ar\/sitio\/?attachment_id=3668#main\" class=\"wp-image-3668\" srcset=\"https:\/\/isfdyt25-bue.infd.edu.ar\/sitio\/wp-content\/uploads\/2022\/06\/Taller-CIIE-2-1.jpg 1600w, https:\/\/isfdyt25-bue.infd.edu.ar\/sitio\/wp-content\/uploads\/2022\/06\/Taller-CIIE-2-1-1000x750.jpg 1000w, https:\/\/isfdyt25-bue.infd.edu.ar\/sitio\/wp-content\/uploads\/2022\/06\/Taller-CIIE-2-1-768x576.jpg 768w, https:\/\/isfdyt25-bue.infd.edu.ar\/sitio\/wp-content\/uploads\/2022\/06\/Taller-CIIE-2-1-1536x1152.jpg 1536w\" sizes=\"(max-width: 1600px) 100vw, 1600px\" \/><\/figure><\/li><li class=\"blocks-gallery-item\"><figure><img decoding=\"async\" loading=\"lazy\" width=\"709\" height=\"1024\" src=\"https:\/\/isfdyt25-bue.infd.edu.ar\/sitio\/wp-content\/uploads\/2022\/06\/Taller-CIIE-3.jpg\" alt=\"\" data-id=\"3669\" data-full-url=\"https:\/\/isfdyt25-bue.infd.edu.ar\/sitio\/wp-content\/uploads\/2022\/06\/Taller-CIIE-3.jpg\" data-link=\"https:\/\/isfdyt25-bue.infd.edu.ar\/sitio\/?attachment_id=3669#main\" class=\"wp-image-3669\" srcset=\"https:\/\/isfdyt25-bue.infd.edu.ar\/sitio\/wp-content\/uploads\/2022\/06\/Taller-CIIE-3.jpg 709w, https:\/\/isfdyt25-bue.infd.edu.ar\/sitio\/wp-content\/uploads\/2022\/06\/Taller-CIIE-3-692x1000.jpg 692w\" sizes=\"(max-width: 709px) 100vw, 709px\" \/><\/figure><\/li><\/ul><\/figure>\n\n\n\n<figure class=\"wp-block-image size-large\"><img decoding=\"async\" src=\"https:\/\/isfdyt25-bue.infd.edu.ar\/sitio\/wp-content\/uploads\/2022\/06\/WhatsApp-Image-2022-06-06-at-1.31.15-PM.jpeg\" alt=\"\" class=\"wp-image-3782\"\/><\/figure>\n","protected":false},"excerpt":{"rendered":"<p>En el marco de las acciones para el fortalecimiento de las Trayectorias de las y los Estudiantes, el I.S.F.D. y T. N\u00b0 25 dio inicio al primer Taller organizado por la Coordinadora Institucional de Pol\u00edticas Estudiantiles &#8211; CIPEs ISFDyT N 25 &#8211; en articulaci\u00f3n con el CIIE Patagones. Este taller denominado Ser Estudiante del Nivel &#8230; <a title=\"Talleres Acad\u00e9micos para las y los Estudiantes del Instituto\" class=\"read-more\" href=\"https:\/\/isfdyt25-bue.infd.edu.ar\/sitio\/talleres-academicos-para-las-y-los-estudiantes-del-instituto\/\" aria-label=\"More on Talleres Acad\u00e9micos para las y los Estudiantes del Instituto\">[+]<\/a><\/p>\n","protected":false},"author":2055,"featured_media":3666,"comment_status":"open","ping_status":"open","sticky":false,"template":"","format":"standard","meta":[],"categories":[48,25,24],"tags":[],"acf":[],"_links":{"self":[{"href":"https:\/\/isfdyt25-bue.infd.edu.ar\/sitio\/wp-json\/wp\/v2\/posts\/3664"}],"collection":[{"href":"https:\/\/isfdyt25-bue.infd.edu.ar\/sitio\/wp-json\/wp\/v2\/posts"}],"about":[{"href":"https:\/\/isfdyt25-bue.infd.edu.ar\/sitio\/wp-json\/wp\/v2\/types\/post"}],"author":[{"embeddable":true,"href":"https:\/\/isfdyt25-bue.infd.edu.ar\/sitio\/wp-json\/wp\/v2\/users\/2055"}],"replies":[{"embeddable":true,"href":"https:\/\/isfdyt25-bue.infd.edu.ar\/sitio\/wp-json\/wp\/v2\/comments?post=3664"}],"version-history":[{"count":5,"href":"https:\/\/isfdyt25-bue.infd.edu.ar\/sitio\/wp-json\/wp\/v2\/posts\/3664\/revisions"}],"predecessor-version":[{"id":3808,"href":"https:\/\/isfdyt25-bue.infd.edu.ar\/sitio\/wp-json\/wp\/v2\/posts\/3664\/revisions\/3808"}],"wp:featuredmedia":[{"embeddable":true,"href":"https:\/\/isfdyt25-bue.infd.edu.ar\/sitio\/wp-json\/wp\/v2\/media\/3666"}],"wp:attachment":[{"href":"https:\/\/isfdyt25-bue.infd.edu.ar\/sitio\/wp-json\/wp\/v2\/media?parent=3664"}],"wp:term":[{"taxonomy":"category","embeddable":true,"href":"https:\/\/isfdyt25-bue.infd.edu.ar\/sitio\/wp-json\/wp\/v2\/categories?post=3664"},{"taxonomy":"post_tag","embeddable":true,"href":"https:\/\/isfdyt25-bue.infd.edu.ar\/sitio\/wp-json\/wp\/v2\/tags?post=3664"}],"curies":[{"name":"wp","href":"https:\/\/api.w.org\/{rel}","templated":true}]}}