{"id":3018,"date":"2022-04-15T23:50:29","date_gmt":"2022-04-16T02:50:29","guid":{"rendered":"https:\/\/isfdyt25-bue.infd.edu.ar\/sitio\/?p=3018"},"modified":"2022-04-15T23:50:30","modified_gmt":"2022-04-16T02:50:30","slug":"proximamente-retomarian-la-construccion-del-nuevo-edificio-del-instituto","status":"publish","type":"post","link":"https:\/\/isfdyt25-bue.infd.edu.ar\/sitio\/proximamente-retomarian-la-construccion-del-nuevo-edificio-del-instituto\/","title":{"rendered":"Pr\u00f3ximamente retomar\u00edan la construcci\u00f3n del nuevo Edificio del Instituto"},"content":{"rendered":"\n<p>\u00abA la comunidad educativa del I.S.F.D. y T. N\u00ba 25:<\/p>\n\n\n\n<p>Reci\u00e9n salgo del municipio. Me convocaron para abrir el sobre de la licitaci\u00f3n para retomar la construcci\u00f3n de nuestro edificio. Fue imprevisto por eso no avis\u00e9 antes. Espero que esta vez se apruebe y la tercera sea la vencida.<br>Es una alegr\u00eda enorme que quiero compartir con uds. que son los protagonistas de esta lucha hist\u00f3rica. Recuerdo aquellas <a href=\"https:\/\/isfdyt25-bue.infd.edu.ar\/sitio\/caminata-por-la-identidad-institucional\/\">marchas multitudinarias<\/a>, las jornadas, los abrazos al edificio, las carpetas entregadas a la gesti\u00f3n Provincial y tantas otras acciones para visibilizar nuestro reclamo. Esto lo logramos entre todos y todas y as\u00ed debemos continuar.<br>Un abrazo grande.\u00bb<\/p>\n\n\n\n<p>Andr\u00e9s Amoroso<\/p>\n\n\n\n<p>Lunes 8 de abril de 2022<\/p>\n","protected":false},"excerpt":{"rendered":"<p>\u00abA la comunidad educativa del I.S.F.D. y T. N\u00ba 25: Reci\u00e9n salgo del municipio. Me convocaron para abrir el sobre de la licitaci\u00f3n para retomar la construcci\u00f3n de nuestro edificio. Fue imprevisto por eso no avis\u00e9 antes. Espero que esta vez se apruebe y la tercera sea la vencida.Es una alegr\u00eda enorme que quiero compartir &#8230; <a title=\"Pr\u00f3ximamente retomar\u00edan la construcci\u00f3n del nuevo Edificio del Instituto\" class=\"read-more\" href=\"https:\/\/isfdyt25-bue.infd.edu.ar\/sitio\/proximamente-retomarian-la-construccion-del-nuevo-edificio-del-instituto\/\" aria-label=\"More on Pr\u00f3ximamente retomar\u00edan la construcci\u00f3n del nuevo Edificio del Instituto\">[+]<\/a><\/p>\n","protected":false},"author":2055,"featured_media":3008,"comment_status":"open","ping_status":"open","sticky":false,"template":"","format":"standard","meta":[],"categories":[48,25,24,49],"tags":[],"acf":[],"_links":{"self":[{"href":"https:\/\/isfdyt25-bue.infd.edu.ar\/sitio\/wp-json\/wp\/v2\/posts\/3018"}],"collection":[{"href":"https:\/\/isfdyt25-bue.infd.edu.ar\/sitio\/wp-json\/wp\/v2\/posts"}],"about":[{"href":"https:\/\/isfdyt25-bue.infd.edu.ar\/sitio\/wp-json\/wp\/v2\/types\/post"}],"author":[{"embeddable":true,"href":"https:\/\/isfdyt25-bue.infd.edu.ar\/sitio\/wp-json\/wp\/v2\/users\/2055"}],"replies":[{"embeddable":true,"href":"https:\/\/isfdyt25-bue.infd.edu.ar\/sitio\/wp-json\/wp\/v2\/comments?post=3018"}],"version-history":[{"count":1,"href":"https:\/\/isfdyt25-bue.infd.edu.ar\/sitio\/wp-json\/wp\/v2\/posts\/3018\/revisions"}],"predecessor-version":[{"id":3019,"href":"https:\/\/isfdyt25-bue.infd.edu.ar\/sitio\/wp-json\/wp\/v2\/posts\/3018\/revisions\/3019"}],"wp:featuredmedia":[{"embeddable":true,"href":"https:\/\/isfdyt25-bue.infd.edu.ar\/sitio\/wp-json\/wp\/v2\/media\/3008"}],"wp:attachment":[{"href":"https:\/\/isfdyt25-bue.infd.edu.ar\/sitio\/wp-json\/wp\/v2\/media?parent=3018"}],"wp:term":[{"taxonomy":"category","embeddable":true,"href":"https:\/\/isfdyt25-bue.infd.edu.ar\/sitio\/wp-json\/wp\/v2\/categories?post=3018"},{"taxonomy":"post_tag","embeddable":true,"href":"https:\/\/isfdyt25-bue.infd.edu.ar\/sitio\/wp-json\/wp\/v2\/tags?post=3018"}],"curies":[{"name":"wp","href":"https:\/\/api.w.org\/{rel}","templated":true}]}}