{"id":2282,"date":"2022-04-02T10:29:43","date_gmt":"2022-04-02T13:29:43","guid":{"rendered":"https:\/\/isfdyt25-bue.infd.edu.ar\/sitio\/?p=2282"},"modified":"2022-04-02T10:48:13","modified_gmt":"2022-04-02T13:48:13","slug":"la-importancia-del-trabajo-en-equipo","status":"publish","type":"post","link":"https:\/\/isfdyt25-bue.infd.edu.ar\/sitio\/la-importancia-del-trabajo-en-equipo\/","title":{"rendered":"La importancia del trabajo en equipo&#8230;"},"content":{"rendered":"\n<p>La din\u00e1mica institucional de nuestro Instituto nos lleva a conjugar esfuerzos, habilidades, aptitudes para lograr las metas que nos establecimos como Comunidad Educativa.<\/p>\n\n\n\n<p>Ocupar un nuevo espacio e imprimirle nuestra impronta a la nueva Sede, demand\u00f3 muchas horas de trabajo por parte del personal Auxiliar, Preceptor, Equipo Directivo&#8230; algunos familiares y amigos.<\/p>\n\n\n\n<p>Mar\u00eda y Eli que ilustran esta nota, representan todo lo que vivimos en esta etapa de cambio, de mudanza, de reorganizaci\u00f3n para que nuestras\/os Estudiantes y Docentes se sientan lo m\u00e1s c\u00f3modos posible en sus horas de interacci\u00f3n en las Clases diarias.<\/p>\n\n\n\n<p>Les proponemos el desaf\u00edo, a todo el personal de Auxiliares, Preceptores, Docentes, Bibliotecario, Estudiantes, Comisi\u00f3n Cooperadora y Equipo Directivo, a aunar esfuerzos&#8230; a trabajar en equipo buscando destacar lo mejor de cada una\/o como persona.<\/p>\n\n\n\n<figure class=\"wp-block-gallery columns-3 is-cropped wp-block-gallery-1 is-layout-flex\"><ul class=\"blocks-gallery-grid\"><li class=\"blocks-gallery-item\"><figure><img decoding=\"async\" loading=\"lazy\" width=\"720\" height=\"1280\" src=\"https:\/\/isfdyt25-bue.infd.edu.ar\/sitio\/wp-content\/uploads\/2022\/04\/WhatsApp-Image-2022-03-30-at-17.09.09.jpeg\" alt=\"\" data-id=\"2287\" data-full-url=\"https:\/\/isfdyt25-bue.infd.edu.ar\/sitio\/wp-content\/uploads\/2022\/04\/WhatsApp-Image-2022-03-30-at-17.09.09.jpeg\" data-link=\"https:\/\/isfdyt25-bue.infd.edu.ar\/sitio\/la-importancia-del-trabajo-en-equipo\/whatsapp-image-2022-03-30-at-17-09-09\/#main\" class=\"wp-image-2287\" srcset=\"https:\/\/isfdyt25-bue.infd.edu.ar\/sitio\/wp-content\/uploads\/2022\/04\/WhatsApp-Image-2022-03-30-at-17.09.09.jpeg 720w, https:\/\/isfdyt25-bue.infd.edu.ar\/sitio\/wp-content\/uploads\/2022\/04\/WhatsApp-Image-2022-03-30-at-17.09.09-563x1000.jpeg 563w\" sizes=\"(max-width: 720px) 100vw, 720px\" \/><\/figure><\/li><li class=\"blocks-gallery-item\"><figure><img decoding=\"async\" loading=\"lazy\" width=\"960\" height=\"1280\" src=\"https:\/\/isfdyt25-bue.infd.edu.ar\/sitio\/wp-content\/uploads\/2022\/04\/WhatsApp-Image-2022-03-30-at-17.09.06.jpeg\" alt=\"\" data-id=\"2288\" data-full-url=\"https:\/\/isfdyt25-bue.infd.edu.ar\/sitio\/wp-content\/uploads\/2022\/04\/WhatsApp-Image-2022-03-30-at-17.09.06.jpeg\" data-link=\"https:\/\/isfdyt25-bue.infd.edu.ar\/sitio\/la-importancia-del-trabajo-en-equipo\/whatsapp-image-2022-03-30-at-17-09-06\/#main\" class=\"wp-image-2288\" srcset=\"https:\/\/isfdyt25-bue.infd.edu.ar\/sitio\/wp-content\/uploads\/2022\/04\/WhatsApp-Image-2022-03-30-at-17.09.06.jpeg 960w, https:\/\/isfdyt25-bue.infd.edu.ar\/sitio\/wp-content\/uploads\/2022\/04\/WhatsApp-Image-2022-03-30-at-17.09.06-750x1000.jpeg 750w, https:\/\/isfdyt25-bue.infd.edu.ar\/sitio\/wp-content\/uploads\/2022\/04\/WhatsApp-Image-2022-03-30-at-17.09.06-768x1024.jpeg 768w\" sizes=\"(max-width: 960px) 100vw, 960px\" \/><\/figure><\/li><li class=\"blocks-gallery-item\"><figure><img decoding=\"async\" loading=\"lazy\" width=\"960\" height=\"1280\" src=\"https:\/\/isfdyt25-bue.infd.edu.ar\/sitio\/wp-content\/uploads\/2022\/04\/WhatsApp-Image-2022-03-30-at-17.09.03.jpeg\" alt=\"\" data-id=\"2289\" data-full-url=\"https:\/\/isfdyt25-bue.infd.edu.ar\/sitio\/wp-content\/uploads\/2022\/04\/WhatsApp-Image-2022-03-30-at-17.09.03.jpeg\" data-link=\"https:\/\/isfdyt25-bue.infd.edu.ar\/sitio\/la-importancia-del-trabajo-en-equipo\/whatsapp-image-2022-03-30-at-17-09-03\/#main\" class=\"wp-image-2289\" srcset=\"https:\/\/isfdyt25-bue.infd.edu.ar\/sitio\/wp-content\/uploads\/2022\/04\/WhatsApp-Image-2022-03-30-at-17.09.03.jpeg 960w, https:\/\/isfdyt25-bue.infd.edu.ar\/sitio\/wp-content\/uploads\/2022\/04\/WhatsApp-Image-2022-03-30-at-17.09.03-750x1000.jpeg 750w, https:\/\/isfdyt25-bue.infd.edu.ar\/sitio\/wp-content\/uploads\/2022\/04\/WhatsApp-Image-2022-03-30-at-17.09.03-768x1024.jpeg 768w\" sizes=\"(max-width: 960px) 100vw, 960px\" \/><\/figure><\/li><li class=\"blocks-gallery-item\"><figure><img decoding=\"async\" loading=\"lazy\" width=\"1280\" height=\"960\" src=\"https:\/\/isfdyt25-bue.infd.edu.ar\/sitio\/wp-content\/uploads\/2022\/04\/WhatsApp-Image-2022-03-29-at-17.08.26.jpeg\" alt=\"\" data-id=\"2290\" data-full-url=\"https:\/\/isfdyt25-bue.infd.edu.ar\/sitio\/wp-content\/uploads\/2022\/04\/WhatsApp-Image-2022-03-29-at-17.08.26.jpeg\" data-link=\"https:\/\/isfdyt25-bue.infd.edu.ar\/sitio\/la-importancia-del-trabajo-en-equipo\/whatsapp-image-2022-03-29-at-17-08-26\/#main\" class=\"wp-image-2290\" srcset=\"https:\/\/isfdyt25-bue.infd.edu.ar\/sitio\/wp-content\/uploads\/2022\/04\/WhatsApp-Image-2022-03-29-at-17.08.26.jpeg 1280w, https:\/\/isfdyt25-bue.infd.edu.ar\/sitio\/wp-content\/uploads\/2022\/04\/WhatsApp-Image-2022-03-29-at-17.08.26-1000x750.jpeg 1000w, https:\/\/isfdyt25-bue.infd.edu.ar\/sitio\/wp-content\/uploads\/2022\/04\/WhatsApp-Image-2022-03-29-at-17.08.26-768x576.jpeg 768w\" sizes=\"(max-width: 1280px) 100vw, 1280px\" \/><\/figure><\/li><\/ul><\/figure>\n","protected":false},"excerpt":{"rendered":"<p>La din\u00e1mica institucional de nuestro Instituto nos lleva a conjugar esfuerzos, habilidades, aptitudes para lograr las metas que nos establecimos como Comunidad Educativa. Ocupar un nuevo espacio e imprimirle nuestra impronta a la nueva Sede, demand\u00f3 muchas horas de trabajo por parte del personal Auxiliar, Preceptor, Equipo Directivo&#8230; algunos familiares y amigos. Mar\u00eda y Eli &#8230; <a title=\"La importancia del trabajo en equipo&#8230;\" class=\"read-more\" href=\"https:\/\/isfdyt25-bue.infd.edu.ar\/sitio\/la-importancia-del-trabajo-en-equipo\/\" aria-label=\"More on La importancia del trabajo en equipo&#8230;\">[+]<\/a><\/p>\n","protected":false},"author":2055,"featured_media":2285,"comment_status":"open","ping_status":"open","sticky":false,"template":"","format":"standard","meta":[],"categories":[48,25,24,49],"tags":[],"acf":[],"_links":{"self":[{"href":"https:\/\/isfdyt25-bue.infd.edu.ar\/sitio\/wp-json\/wp\/v2\/posts\/2282"}],"collection":[{"href":"https:\/\/isfdyt25-bue.infd.edu.ar\/sitio\/wp-json\/wp\/v2\/posts"}],"about":[{"href":"https:\/\/isfdyt25-bue.infd.edu.ar\/sitio\/wp-json\/wp\/v2\/types\/post"}],"author":[{"embeddable":true,"href":"https:\/\/isfdyt25-bue.infd.edu.ar\/sitio\/wp-json\/wp\/v2\/users\/2055"}],"replies":[{"embeddable":true,"href":"https:\/\/isfdyt25-bue.infd.edu.ar\/sitio\/wp-json\/wp\/v2\/comments?post=2282"}],"version-history":[{"count":2,"href":"https:\/\/isfdyt25-bue.infd.edu.ar\/sitio\/wp-json\/wp\/v2\/posts\/2282\/revisions"}],"predecessor-version":[{"id":2291,"href":"https:\/\/isfdyt25-bue.infd.edu.ar\/sitio\/wp-json\/wp\/v2\/posts\/2282\/revisions\/2291"}],"wp:featuredmedia":[{"embeddable":true,"href":"https:\/\/isfdyt25-bue.infd.edu.ar\/sitio\/wp-json\/wp\/v2\/media\/2285"}],"wp:attachment":[{"href":"https:\/\/isfdyt25-bue.infd.edu.ar\/sitio\/wp-json\/wp\/v2\/media?parent=2282"}],"wp:term":[{"taxonomy":"category","embeddable":true,"href":"https:\/\/isfdyt25-bue.infd.edu.ar\/sitio\/wp-json\/wp\/v2\/categories?post=2282"},{"taxonomy":"post_tag","embeddable":true,"href":"https:\/\/isfdyt25-bue.infd.edu.ar\/sitio\/wp-json\/wp\/v2\/tags?post=2282"}],"curies":[{"name":"wp","href":"https:\/\/api.w.org\/{rel}","templated":true}]}}