{"id":2271,"date":"2022-03-29T08:25:43","date_gmt":"2022-03-29T11:25:43","guid":{"rendered":"https:\/\/isfdyt25-bue.infd.edu.ar\/sitio\/?p=2271"},"modified":"2022-04-07T23:31:17","modified_gmt":"2022-04-08T02:31:17","slug":"jubileo-de-una-docente","status":"publish","type":"post","link":"https:\/\/isfdyt25-bue.infd.edu.ar\/sitio\/jubileo-de-una-docente\/","title":{"rendered":"Jubileo de una Docente"},"content":{"rendered":"\n<p>Con una extensa trayectoria en el Instituto, el 17 de marzo presidi\u00f3 su \u00faltima mesa de examen la profesora de Matem\u00e1tica <strong>Gladys Melgarejo<\/strong>. Dio sus primeros pasos en la Instituci\u00f3n como estudiante, durante muchos a\u00f1os fue preceptora del turno diurno en el Profesorado de Educaci\u00f3n Primaria, por un corto per\u00edodo de tiempo fue Regente y paralelamente fue LA profesora de Did\u00e1ctica de la Matem\u00e1tica en distintas carreras que se dictan aqu\u00ed.<\/p>\n\n\n\n<p>La profesora Graciela Garc\u00eda Amadeo despert\u00f3 en ella, su amor por la matem\u00e1tica y sus ganas de transmitir sus conocimientos a estudiantes y colegas. Gladys, con mucho esfuerzo personal logr\u00f3 paso a paso las metas que propuso para su vida y hoy puede ver los frutos de tanto sacrificio. <\/p>\n\n\n\n<p>Todo el plantel del Equipo Directivo, Docentes y Auxiliares saludan a la profesora y desean todo lo mejor para esta nueva etapa que est\u00e1 iniciando.<\/p>\n","protected":false},"excerpt":{"rendered":"<p>Con una extensa trayectoria en el Instituto, el 17 de marzo presidi\u00f3 su \u00faltima mesa de examen la profesora de Matem\u00e1tica Gladys Melgarejo. Dio sus primeros pasos en la Instituci\u00f3n como estudiante, durante muchos a\u00f1os fue preceptora del turno diurno en el Profesorado de Educaci\u00f3n Primaria, por un corto per\u00edodo de tiempo fue Regente y &#8230; <a title=\"Jubileo de una Docente\" class=\"read-more\" href=\"https:\/\/isfdyt25-bue.infd.edu.ar\/sitio\/jubileo-de-una-docente\/\" aria-label=\"More on Jubileo de una Docente\">[+]<\/a><\/p>\n","protected":false},"author":2055,"featured_media":2273,"comment_status":"open","ping_status":"open","sticky":false,"template":"","format":"standard","meta":[],"categories":[48,24],"tags":[],"acf":[],"_links":{"self":[{"href":"https:\/\/isfdyt25-bue.infd.edu.ar\/sitio\/wp-json\/wp\/v2\/posts\/2271"}],"collection":[{"href":"https:\/\/isfdyt25-bue.infd.edu.ar\/sitio\/wp-json\/wp\/v2\/posts"}],"about":[{"href":"https:\/\/isfdyt25-bue.infd.edu.ar\/sitio\/wp-json\/wp\/v2\/types\/post"}],"author":[{"embeddable":true,"href":"https:\/\/isfdyt25-bue.infd.edu.ar\/sitio\/wp-json\/wp\/v2\/users\/2055"}],"replies":[{"embeddable":true,"href":"https:\/\/isfdyt25-bue.infd.edu.ar\/sitio\/wp-json\/wp\/v2\/comments?post=2271"}],"version-history":[{"count":3,"href":"https:\/\/isfdyt25-bue.infd.edu.ar\/sitio\/wp-json\/wp\/v2\/posts\/2271\/revisions"}],"predecessor-version":[{"id":2387,"href":"https:\/\/isfdyt25-bue.infd.edu.ar\/sitio\/wp-json\/wp\/v2\/posts\/2271\/revisions\/2387"}],"wp:featuredmedia":[{"embeddable":true,"href":"https:\/\/isfdyt25-bue.infd.edu.ar\/sitio\/wp-json\/wp\/v2\/media\/2273"}],"wp:attachment":[{"href":"https:\/\/isfdyt25-bue.infd.edu.ar\/sitio\/wp-json\/wp\/v2\/media?parent=2271"}],"wp:term":[{"taxonomy":"category","embeddable":true,"href":"https:\/\/isfdyt25-bue.infd.edu.ar\/sitio\/wp-json\/wp\/v2\/categories?post=2271"},{"taxonomy":"post_tag","embeddable":true,"href":"https:\/\/isfdyt25-bue.infd.edu.ar\/sitio\/wp-json\/wp\/v2\/tags?post=2271"}],"curies":[{"name":"wp","href":"https:\/\/api.w.org\/{rel}","templated":true}]}}