{"id":2227,"date":"2022-03-28T22:32:00","date_gmt":"2022-03-29T01:32:00","guid":{"rendered":"https:\/\/isfdyt25-bue.infd.edu.ar\/sitio\/?p=2227"},"modified":"2022-03-30T00:18:18","modified_gmt":"2022-03-30T03:18:18","slug":"primer-dia-de-clase-de-las-os-ingresantes-2022","status":"publish","type":"post","link":"https:\/\/isfdyt25-bue.infd.edu.ar\/sitio\/primer-dia-de-clase-de-las-os-ingresantes-2022\/","title":{"rendered":"Primer d\u00eda de Clase de las\/os Ingresantes 2022"},"content":{"rendered":"\n<p>En una jornada espl\u00e9ndida, con sol radiante, dieron el puntapi\u00e9 inicial las\/os Ingresantes al Profesorado de Educaci\u00f3n Primaria Turno Diurno en nuestra sede central de Calle 9 de Julio. Las\/os recibieron con un breve discurso de bienvenida de parte del Director del Instituto, prof. Andr\u00e9s Amoroso y lo acompa\u00f1aban la Regente Nazarena M\u00e9ndez, la Jefa de \u00c1rea Silvina Feci y la Coordinadora CIPEs Mar\u00eda Carolina Beilinson.<\/p>\n\n\n\n<p>Retransmitimos las palabras del Director: \u00bb hoy est\u00e1n iniciando una larga trayectoria las\/os futuras\/os docentes de la comarca Patagones &#8211; Viedma, de la l\u00ednea sur de R\u00edo Negro y del interior del partido de Patagones&#8230; como futuras\/os docentes de Escuelas P\u00fablicas, nos gustar\u00eda que salgan de esta instituci\u00f3n con valores tales como solidaridad, compromiso con la tarea, empat\u00eda con el otro, compa\u00f1erismo&#8230;\u00bb <\/p>\n\n\n\n<p>De esta forma simb\u00f3lica, les damos la bienvenida al resto de las\/os Ingresantes de todas las carreras que concurrieron a la sede Bottazzi.<\/p>\n\n\n\n<figure class=\"wp-block-gallery columns-3 is-cropped wp-block-gallery-1 is-layout-flex\"><ul class=\"blocks-gallery-grid\"><li class=\"blocks-gallery-item\"><figure><img decoding=\"async\" loading=\"lazy\" width=\"1280\" height=\"920\" src=\"https:\/\/isfdyt25-bue.infd.edu.ar\/sitio\/wp-content\/uploads\/2022\/03\/WhatsApp-Image-2022-03-28-at-22.24.09-2-1.jpeg\" alt=\"\" data-id=\"2232\" data-link=\"https:\/\/isfdyt25-bue.infd.edu.ar\/sitio\/primer-dia-de-clase-de-las-os-ingresantes-2022\/whatsapp-image-2022-03-28-at-22-24-09-2-1\/#main\" class=\"wp-image-2232\" srcset=\"https:\/\/isfdyt25-bue.infd.edu.ar\/sitio\/wp-content\/uploads\/2022\/03\/WhatsApp-Image-2022-03-28-at-22.24.09-2-1.jpeg 1280w, https:\/\/isfdyt25-bue.infd.edu.ar\/sitio\/wp-content\/uploads\/2022\/03\/WhatsApp-Image-2022-03-28-at-22.24.09-2-1-1000x719.jpeg 1000w, https:\/\/isfdyt25-bue.infd.edu.ar\/sitio\/wp-content\/uploads\/2022\/03\/WhatsApp-Image-2022-03-28-at-22.24.09-2-1-768x552.jpeg 768w\" sizes=\"(max-width: 1280px) 100vw, 1280px\" \/><\/figure><\/li><li class=\"blocks-gallery-item\"><figure><img decoding=\"async\" loading=\"lazy\" width=\"1280\" height=\"915\" src=\"https:\/\/isfdyt25-bue.infd.edu.ar\/sitio\/wp-content\/uploads\/2022\/03\/WhatsApp-Image-2022-03-28-at-22.24.09.jpeg\" alt=\"\" data-id=\"2233\" data-link=\"https:\/\/isfdyt25-bue.infd.edu.ar\/sitio\/primer-dia-de-clase-de-las-os-ingresantes-2022\/whatsapp-image-2022-03-28-at-22-24-09\/#main\" class=\"wp-image-2233\" srcset=\"https:\/\/isfdyt25-bue.infd.edu.ar\/sitio\/wp-content\/uploads\/2022\/03\/WhatsApp-Image-2022-03-28-at-22.24.09.jpeg 1280w, https:\/\/isfdyt25-bue.infd.edu.ar\/sitio\/wp-content\/uploads\/2022\/03\/WhatsApp-Image-2022-03-28-at-22.24.09-1000x715.jpeg 1000w, https:\/\/isfdyt25-bue.infd.edu.ar\/sitio\/wp-content\/uploads\/2022\/03\/WhatsApp-Image-2022-03-28-at-22.24.09-768x549.jpeg 768w\" sizes=\"(max-width: 1280px) 100vw, 1280px\" \/><\/figure><\/li><li class=\"blocks-gallery-item\"><figure><img decoding=\"async\" loading=\"lazy\" width=\"1280\" height=\"884\" src=\"https:\/\/isfdyt25-bue.infd.edu.ar\/sitio\/wp-content\/uploads\/2022\/03\/WhatsApp-Image-2022-03-28-at-22.24.08-2.jpeg\" alt=\"\" data-id=\"2234\" data-link=\"https:\/\/isfdyt25-bue.infd.edu.ar\/sitio\/primer-dia-de-clase-de-las-os-ingresantes-2022\/whatsapp-image-2022-03-28-at-22-24-08-2\/#main\" class=\"wp-image-2234\" srcset=\"https:\/\/isfdyt25-bue.infd.edu.ar\/sitio\/wp-content\/uploads\/2022\/03\/WhatsApp-Image-2022-03-28-at-22.24.08-2.jpeg 1280w, https:\/\/isfdyt25-bue.infd.edu.ar\/sitio\/wp-content\/uploads\/2022\/03\/WhatsApp-Image-2022-03-28-at-22.24.08-2-1000x691.jpeg 1000w, https:\/\/isfdyt25-bue.infd.edu.ar\/sitio\/wp-content\/uploads\/2022\/03\/WhatsApp-Image-2022-03-28-at-22.24.08-2-768x530.jpeg 768w\" sizes=\"(max-width: 1280px) 100vw, 1280px\" \/><\/figure><\/li><li class=\"blocks-gallery-item\"><figure><img decoding=\"async\" loading=\"lazy\" width=\"1280\" height=\"960\" src=\"https:\/\/isfdyt25-bue.infd.edu.ar\/sitio\/wp-content\/uploads\/2022\/03\/WhatsApp-Image-2022-03-28-at-22.24.08-1.jpeg\" alt=\"\" data-id=\"2235\" data-link=\"https:\/\/isfdyt25-bue.infd.edu.ar\/sitio\/primer-dia-de-clase-de-las-os-ingresantes-2022\/whatsapp-image-2022-03-28-at-22-24-08-1\/#main\" class=\"wp-image-2235\" srcset=\"https:\/\/isfdyt25-bue.infd.edu.ar\/sitio\/wp-content\/uploads\/2022\/03\/WhatsApp-Image-2022-03-28-at-22.24.08-1.jpeg 1280w, https:\/\/isfdyt25-bue.infd.edu.ar\/sitio\/wp-content\/uploads\/2022\/03\/WhatsApp-Image-2022-03-28-at-22.24.08-1-1000x750.jpeg 1000w, https:\/\/isfdyt25-bue.infd.edu.ar\/sitio\/wp-content\/uploads\/2022\/03\/WhatsApp-Image-2022-03-28-at-22.24.08-1-768x576.jpeg 768w\" sizes=\"(max-width: 1280px) 100vw, 1280px\" \/><\/figure><\/li><li class=\"blocks-gallery-item\"><figure><img decoding=\"async\" loading=\"lazy\" width=\"1280\" height=\"960\" src=\"https:\/\/isfdyt25-bue.infd.edu.ar\/sitio\/wp-content\/uploads\/2022\/03\/WhatsApp-Image-2022-03-28-at-22.24.08.jpeg\" alt=\"\" data-id=\"2236\" data-full-url=\"https:\/\/isfdyt25-bue.infd.edu.ar\/sitio\/wp-content\/uploads\/2022\/03\/WhatsApp-Image-2022-03-28-at-22.24.08.jpeg\" data-link=\"https:\/\/isfdyt25-bue.infd.edu.ar\/sitio\/primer-dia-de-clase-de-las-os-ingresantes-2022\/whatsapp-image-2022-03-28-at-22-24-08\/#main\" class=\"wp-image-2236\" srcset=\"https:\/\/isfdyt25-bue.infd.edu.ar\/sitio\/wp-content\/uploads\/2022\/03\/WhatsApp-Image-2022-03-28-at-22.24.08.jpeg 1280w, https:\/\/isfdyt25-bue.infd.edu.ar\/sitio\/wp-content\/uploads\/2022\/03\/WhatsApp-Image-2022-03-28-at-22.24.08-1000x750.jpeg 1000w, https:\/\/isfdyt25-bue.infd.edu.ar\/sitio\/wp-content\/uploads\/2022\/03\/WhatsApp-Image-2022-03-28-at-22.24.08-768x576.jpeg 768w\" sizes=\"(max-width: 1280px) 100vw, 1280px\" \/><\/figure><\/li><\/ul><\/figure>\n\n\n\n<p><\/p>\n\n\n\n<p>Con el acompa\u00f1amiento de docentes de todas las carreras, los Ingresantes 2022 del Turno Vespertino compartieron una Jornada de Integraci\u00f3n bajo la conducci\u00f3n del titular de la c\u00e1tedra Corporeidad y Motricidad prof. N\u00e9stor Hern\u00e1ndez.<\/p>\n\n\n\n<figure class=\"wp-block-gallery columns-2 is-cropped wp-block-gallery-3 is-layout-flex\"><ul class=\"blocks-gallery-grid\"><li class=\"blocks-gallery-item\"><figure><img decoding=\"async\" loading=\"lazy\" width=\"1280\" height=\"576\" src=\"https:\/\/isfdyt25-bue.infd.edu.ar\/sitio\/wp-content\/uploads\/2022\/03\/WhatsApp-Image-2022-03-29-at-07.27.41.jpeg\" alt=\"\" data-id=\"2267\" data-full-url=\"https:\/\/isfdyt25-bue.infd.edu.ar\/sitio\/wp-content\/uploads\/2022\/03\/WhatsApp-Image-2022-03-29-at-07.27.41.jpeg\" data-link=\"https:\/\/isfdyt25-bue.infd.edu.ar\/sitio\/primer-dia-de-clase-de-las-os-ingresantes-2022\/whatsapp-image-2022-03-29-at-07-27-41\/#main\" class=\"wp-image-2267\" srcset=\"https:\/\/isfdyt25-bue.infd.edu.ar\/sitio\/wp-content\/uploads\/2022\/03\/WhatsApp-Image-2022-03-29-at-07.27.41.jpeg 1280w, https:\/\/isfdyt25-bue.infd.edu.ar\/sitio\/wp-content\/uploads\/2022\/03\/WhatsApp-Image-2022-03-29-at-07.27.41-1000x450.jpeg 1000w, https:\/\/isfdyt25-bue.infd.edu.ar\/sitio\/wp-content\/uploads\/2022\/03\/WhatsApp-Image-2022-03-29-at-07.27.41-768x346.jpeg 768w\" sizes=\"(max-width: 1280px) 100vw, 1280px\" \/><\/figure><\/li><li class=\"blocks-gallery-item\"><figure><img decoding=\"async\" loading=\"lazy\" width=\"1280\" height=\"576\" src=\"https:\/\/isfdyt25-bue.infd.edu.ar\/sitio\/wp-content\/uploads\/2022\/03\/WhatsApp-Image-2022-03-29-at-07.27.44.jpeg\" alt=\"\" data-id=\"2268\" data-full-url=\"https:\/\/isfdyt25-bue.infd.edu.ar\/sitio\/wp-content\/uploads\/2022\/03\/WhatsApp-Image-2022-03-29-at-07.27.44.jpeg\" data-link=\"https:\/\/isfdyt25-bue.infd.edu.ar\/sitio\/primer-dia-de-clase-de-las-os-ingresantes-2022\/whatsapp-image-2022-03-29-at-07-27-44\/#main\" class=\"wp-image-2268\" srcset=\"https:\/\/isfdyt25-bue.infd.edu.ar\/sitio\/wp-content\/uploads\/2022\/03\/WhatsApp-Image-2022-03-29-at-07.27.44.jpeg 1280w, https:\/\/isfdyt25-bue.infd.edu.ar\/sitio\/wp-content\/uploads\/2022\/03\/WhatsApp-Image-2022-03-29-at-07.27.44-1000x450.jpeg 1000w, https:\/\/isfdyt25-bue.infd.edu.ar\/sitio\/wp-content\/uploads\/2022\/03\/WhatsApp-Image-2022-03-29-at-07.27.44-768x346.jpeg 768w\" sizes=\"(max-width: 1280px) 100vw, 1280px\" \/><\/figure><\/li><\/ul><\/figure>\n","protected":false},"excerpt":{"rendered":"<p>En una jornada espl\u00e9ndida, con sol radiante, dieron el puntapi\u00e9 inicial las\/os Ingresantes al Profesorado de Educaci\u00f3n Primaria Turno Diurno en nuestra sede central de Calle 9 de Julio. Las\/os recibieron con un breve discurso de bienvenida de parte del Director del Instituto, prof. Andr\u00e9s Amoroso y lo acompa\u00f1aban la Regente Nazarena M\u00e9ndez, la Jefa &#8230; <a title=\"Primer d\u00eda de Clase de las\/os Ingresantes 2022\" class=\"read-more\" href=\"https:\/\/isfdyt25-bue.infd.edu.ar\/sitio\/primer-dia-de-clase-de-las-os-ingresantes-2022\/\" aria-label=\"More on Primer d\u00eda de Clase de las\/os Ingresantes 2022\">[+]<\/a><\/p>\n","protected":false},"author":2055,"featured_media":2230,"comment_status":"open","ping_status":"open","sticky":false,"template":"","format":"standard","meta":[],"categories":[48,25,24],"tags":[],"acf":[],"_links":{"self":[{"href":"https:\/\/isfdyt25-bue.infd.edu.ar\/sitio\/wp-json\/wp\/v2\/posts\/2227"}],"collection":[{"href":"https:\/\/isfdyt25-bue.infd.edu.ar\/sitio\/wp-json\/wp\/v2\/posts"}],"about":[{"href":"https:\/\/isfdyt25-bue.infd.edu.ar\/sitio\/wp-json\/wp\/v2\/types\/post"}],"author":[{"embeddable":true,"href":"https:\/\/isfdyt25-bue.infd.edu.ar\/sitio\/wp-json\/wp\/v2\/users\/2055"}],"replies":[{"embeddable":true,"href":"https:\/\/isfdyt25-bue.infd.edu.ar\/sitio\/wp-json\/wp\/v2\/comments?post=2227"}],"version-history":[{"count":5,"href":"https:\/\/isfdyt25-bue.infd.edu.ar\/sitio\/wp-json\/wp\/v2\/posts\/2227\/revisions"}],"predecessor-version":[{"id":2270,"href":"https:\/\/isfdyt25-bue.infd.edu.ar\/sitio\/wp-json\/wp\/v2\/posts\/2227\/revisions\/2270"}],"wp:featuredmedia":[{"embeddable":true,"href":"https:\/\/isfdyt25-bue.infd.edu.ar\/sitio\/wp-json\/wp\/v2\/media\/2230"}],"wp:attachment":[{"href":"https:\/\/isfdyt25-bue.infd.edu.ar\/sitio\/wp-json\/wp\/v2\/media?parent=2227"}],"wp:term":[{"taxonomy":"category","embeddable":true,"href":"https:\/\/isfdyt25-bue.infd.edu.ar\/sitio\/wp-json\/wp\/v2\/categories?post=2227"},{"taxonomy":"post_tag","embeddable":true,"href":"https:\/\/isfdyt25-bue.infd.edu.ar\/sitio\/wp-json\/wp\/v2\/tags?post=2227"}],"curies":[{"name":"wp","href":"https:\/\/api.w.org\/{rel}","templated":true}]}}