{"id":2001,"date":"2022-03-13T19:13:29","date_gmt":"2022-03-13T22:13:29","guid":{"rendered":"https:\/\/isfdyt25-bue.infd.edu.ar\/sitio\/?p=2001"},"modified":"2022-03-28T07:42:45","modified_gmt":"2022-03-28T10:42:45","slug":"inicio-del-ciclo-lectivo-2022","status":"publish","type":"post","link":"https:\/\/isfdyt25-bue.infd.edu.ar\/sitio\/inicio-del-ciclo-lectivo-2022\/","title":{"rendered":"Inicio del Ciclo Lectivo 2022"},"content":{"rendered":"\n<p>A todas\/os los Estudiantes: visiten la secci\u00f3n <strong>ESTUDIANTES<\/strong> de este sitio para ver las \u00faltimas novedades en cuanto a<strong> Inscripci\u00f3n a Cursados<\/strong> y los <strong>Horarios de Cursados<\/strong>.<\/p>\n\n\n\n<ul><li>La <strong>Inscripci\u00f3n a Cursados<\/strong> inicia el 14 de marzo y finaliza el 18 de marzo.<\/li><li>El <strong>Curso Inicial<\/strong> para los <strong>Ingresantes 2022<\/strong> comienza el 28 de marzo: a las 14 hs en Sede 9 de Julio para Profesorado de Educaci\u00f3n Primaria Turno Diurno y a las 18 hs en Sede Bottazzi para Todas las Carreras del Turno Vespertino.<\/li><li>\u00a0Las <strong>Clases<\/strong> para <strong>Segundo A\u00f1o<\/strong>, <strong>Tercer A\u00f1o<\/strong> y <strong>Cuarto A\u00f1o<\/strong> de Todas las Carreras, comienza el 28 de marzo: en el Turno y Horario habitual como as\u00ed tambi\u00e9n en la Sede correspondiente.<\/li><\/ul>\n","protected":false},"excerpt":{"rendered":"<p>A todas\/os los Estudiantes: visiten la secci\u00f3n ESTUDIANTES de este sitio para ver las \u00faltimas novedades en cuanto a Inscripci\u00f3n a Cursados y los Horarios de Cursados. La Inscripci\u00f3n a Cursados inicia el 14 de marzo y finaliza el 18 de marzo. El Curso Inicial para los Ingresantes 2022 comienza el 28 de marzo: a &#8230; <a title=\"Inicio del Ciclo Lectivo 2022\" class=\"read-more\" href=\"https:\/\/isfdyt25-bue.infd.edu.ar\/sitio\/inicio-del-ciclo-lectivo-2022\/\" aria-label=\"More on Inicio del Ciclo Lectivo 2022\">[+]<\/a><\/p>\n","protected":false},"author":2055,"featured_media":1766,"comment_status":"open","ping_status":"open","sticky":false,"template":"","format":"standard","meta":[],"categories":[25],"tags":[],"acf":[],"_links":{"self":[{"href":"https:\/\/isfdyt25-bue.infd.edu.ar\/sitio\/wp-json\/wp\/v2\/posts\/2001"}],"collection":[{"href":"https:\/\/isfdyt25-bue.infd.edu.ar\/sitio\/wp-json\/wp\/v2\/posts"}],"about":[{"href":"https:\/\/isfdyt25-bue.infd.edu.ar\/sitio\/wp-json\/wp\/v2\/types\/post"}],"author":[{"embeddable":true,"href":"https:\/\/isfdyt25-bue.infd.edu.ar\/sitio\/wp-json\/wp\/v2\/users\/2055"}],"replies":[{"embeddable":true,"href":"https:\/\/isfdyt25-bue.infd.edu.ar\/sitio\/wp-json\/wp\/v2\/comments?post=2001"}],"version-history":[{"count":2,"href":"https:\/\/isfdyt25-bue.infd.edu.ar\/sitio\/wp-json\/wp\/v2\/posts\/2001\/revisions"}],"predecessor-version":[{"id":2226,"href":"https:\/\/isfdyt25-bue.infd.edu.ar\/sitio\/wp-json\/wp\/v2\/posts\/2001\/revisions\/2226"}],"wp:featuredmedia":[{"embeddable":true,"href":"https:\/\/isfdyt25-bue.infd.edu.ar\/sitio\/wp-json\/wp\/v2\/media\/1766"}],"wp:attachment":[{"href":"https:\/\/isfdyt25-bue.infd.edu.ar\/sitio\/wp-json\/wp\/v2\/media?parent=2001"}],"wp:term":[{"taxonomy":"category","embeddable":true,"href":"https:\/\/isfdyt25-bue.infd.edu.ar\/sitio\/wp-json\/wp\/v2\/categories?post=2001"},{"taxonomy":"post_tag","embeddable":true,"href":"https:\/\/isfdyt25-bue.infd.edu.ar\/sitio\/wp-json\/wp\/v2\/tags?post=2001"}],"curies":[{"name":"wp","href":"https:\/\/api.w.org\/{rel}","templated":true}]}}